{"id":101298,"date":"2021-06-30T20:26:15","date_gmt":"2021-07-01T01:26:15","guid":{"rendered":"https:\/\/elinformanteperu.com\/?p=101298"},"modified":"2021-06-30T20:26:15","modified_gmt":"2021-07-01T01:26:15","slug":"copa-america-ecuador-late-y-ensaya-el-crucial-partido-contra-argentina","status":"publish","type":"post","link":"https:\/\/elinformanteperu.com\/index.php\/2021\/06\/30\/copa-america-ecuador-late-y-ensaya-el-crucial-partido-contra-argentina\/","title":{"rendered":"Copa Am\u00e9rica: Ecuador late y ensaya el crucial partido contra Argentina"},"content":{"rendered":"<p><span style=\"color: #000000;\"><strong>R\u00edo de Janeiro, 30 Junio 2021, (ANDINA).-<\/strong> Ecuador vive d\u00edas cruciales en su preparaci\u00f3n para el significativo partido contra Argentina el pr\u00f3ximArgentinao s\u00e1bado en Brasil por los cuartos de final de la Copa Am\u00e9rica, a los que accedi\u00f3 en tres oportunidades: en 1993 (Ecuador), 1997 (Bolivia) y 2016 (Estados Unidos).<\/span><\/p>\n<p><span style=\"color: #000000;\">Tanto el seleccionador, el argentino, Gustavo Alfaro, como el cuerpo m\u00e9dico del equipo, trabajan contra el tiempo, en el ensayo de la propuesta de juego y en la recuperaci\u00f3n de los jugadores afectados por la intensidad de los partidos por el Grupo B, donde cada encuentro le result\u00f3 m\u00e1s complicado que el anterior.<\/span><\/p>\n<p><span style=\"color: #000000;\">Del enfrentamiento final contra Brasil, con el que empat\u00f3 por 1-1, salieron lesionados los centrocampistas Mois\u00e9s Caicedo, Jhegson M\u00e9ndez y uno de los goleadores hist\u00f3ricos del equipo, con 31 tantos, Enner Valencia.<\/span><\/p>\n<p><span style=\"color: #000000;\">En la concentraci\u00f3n del equipo en la ciudad brasile\u00f1a de Goi\u00e4nia, se aferran a la recuperaci\u00f3n de los tres para que Alfaro disponga de cada uno de ellos, pues son figuras claves en la estructura del equipo. M\u00e9ndez y Caicedo, adem\u00e1s de hacer las coberturas, los cierres entre l\u00edneas y por su efectividad para el quite del bal\u00f3n, tambi\u00e9n son \u00e1giles, tienen facilidad y claridad para realizar la conversi\u00f3n de lo defensivo a lo ofensivo.<\/span><\/p>\n<p><span style=\"color: #000000;\">Si bien, Valencia (que se perdi\u00f3 el partido ante Per\u00fa por la tercera fecha del Grupo B debido a una suspensi\u00f3n), contin\u00faa sin convertir en el actual torneo, urge su recuperaci\u00f3n de la fatiga muscular, pues es de los atacantes que contribuye tambi\u00e9n con el sistema defensivo de su equipo.<\/span><\/p>\n<p><span style=\"color: #000000;\">Ello por la presi\u00f3n que mete sobre los defensas contrarios quit\u00e1ndoles libertad para iniciar las jugadas.Tambi\u00e9n hace gala de una gran facilidad para los desbordes y sus remates de corta o desde larga distancia lo han favorecido con goles importantes.<\/span><\/p>\n<p><span style=\"color: #000000;\">Totalmente descartado qued\u00f3 el centrocampista ofensivo Dami\u00e1n D\u00edaz, que el viernes pasado dio positivo en una primera prueba por la covid-19, por lo que debi\u00f3 someterse a una cuarentena y permanecer\u00e1 as\u00ed hasta el pr\u00f3ximo domingo, con la esperanza de semifinales o para poder regresar a Ecuador junto con sus compa\u00f1eros.<\/span><\/p>\n<p><span style=\"color: #000000;\">Tras la baja de D\u00edaz, se uni\u00f3 al equipo el tambi\u00e9n centrocampista Carlos Gruezo, que ser\u00e1 otra de las opciones en el medio campo para el seleccionador ecuatoriano de origen argentino que, si bien, no ha dejado entrever la alineaci\u00f3n para lo que podr\u00eda ser el hist\u00f3rico encuentro del s\u00e1bado, repetir\u00eda la que present\u00f3 en el empate a un gol ante Brasil.<\/span><\/p>\n<p><span style=\"color: #000000;\">Los d\u00edas pasan, la expectativa crece, los ecuatorianos laten, viven, ans\u00edan que llegue la hora del partido ante Argentina, pues Ecuador accedi\u00f3 en una ocasi\u00f3n a semifinales de Copa Am\u00e9rica, justo la que organiz\u00f3 en 1993, en la que elimin\u00f3 en cuartos de final a Paraguay, pero perdi\u00f3 en semifinales ante M\u00e9xico.<\/span><\/p>\n<blockquote class=\"twitter-tweet\">\n<p dir=\"ltr\" lang=\"es\">\ud83d\udcf7Im\u00e1genes del entrenamiento de esta tarde en <a href=\"https:\/\/twitter.com\/hashtag\/LaTri?src=hash&amp;ref_src=twsrc%5Etfw\">#LaTri<\/a>, que en medio de un buen ambiente, prepara enfocada, su siguiente desaf\u00edo en <a href=\"https:\/\/twitter.com\/CopaAmerica?ref_src=twsrc%5Etfw\">@CopaAmerica<\/a> \ud83c\uddea\ud83c\udde8<a href=\"https:\/\/twitter.com\/hashtag\/VamosmiSeleccion?src=hash&amp;ref_src=twsrc%5Etfw\">#VamosmiSeleccion<\/a> \ud83d\udd25 <a href=\"https:\/\/t.co\/kHHd1pHgQV\">pic.twitter.com\/kHHd1pHgQV<\/a><\/p>\n<p>\u2014 La Tri (@LaTri) <a href=\"https:\/\/twitter.com\/LaTri\/status\/1410074090124185601?ref_src=twsrc%5Etfw\">June 30, 2021<\/a><\/p><\/blockquote>\n<p><script async src=\"https:\/\/platform.twitter.com\/widgets.js\" charset=\"utf-8\"><\/script><\/p>\n","protected":false},"excerpt":{"rendered":"<p>R\u00edo de Janeiro, 30 Junio 2021, (ANDINA).- Ecuador vive d\u00edas cruciales en su preparaci\u00f3n para el significativo partido contra Argentina el pr\u00f3ximArgentinao s\u00e1bado en Brasil por los cuartos de final de la Copa Am\u00e9rica, a los que accedi\u00f3 en tres oportunidades: en 1993 (Ecuador), 1997 (Bolivia) y 2016 (Estados Unidos). Tanto el seleccionador, el argentino, [&hellip;]<\/p>\n","protected":false},"author":1,"featured_media":101299,"comment_status":"closed","ping_status":"closed","sticky":false,"template":"","format":"standard","meta":{"rop_custom_images_group":[],"rop_custom_messages_group":[],"rop_publish_now":"initial","rop_publish_now_accounts":[],"rop_publish_now_history":[],"rop_publish_now_status":"pending","footnotes":""},"categories":[8],"tags":[6157,6044],"class_list":["post-101298","post","type-post","status-publish","format-standard","has-post-thumbnail","hentry","category-disciplinas-deportivas","tag-argentina-ecuador","tag-copa-america-2021"],"_links":{"self":[{"href":"https:\/\/elinformanteperu.com\/index.php\/wp-json\/wp\/v2\/posts\/101298","targetHints":{"allow":["GET"]}}],"collection":[{"href":"https:\/\/elinformanteperu.com\/index.php\/wp-json\/wp\/v2\/posts"}],"about":[{"href":"https:\/\/elinformanteperu.com\/index.php\/wp-json\/wp\/v2\/types\/post"}],"author":[{"embeddable":true,"href":"https:\/\/elinformanteperu.com\/index.php\/wp-json\/wp\/v2\/users\/1"}],"replies":[{"embeddable":true,"href":"https:\/\/elinformanteperu.com\/index.php\/wp-json\/wp\/v2\/comments?post=101298"}],"version-history":[{"count":1,"href":"https:\/\/elinformanteperu.com\/index.php\/wp-json\/wp\/v2\/posts\/101298\/revisions"}],"predecessor-version":[{"id":101300,"href":"https:\/\/elinformanteperu.com\/index.php\/wp-json\/wp\/v2\/posts\/101298\/revisions\/101300"}],"wp:featuredmedia":[{"embeddable":true,"href":"https:\/\/elinformanteperu.com\/index.php\/wp-json\/wp\/v2\/media\/101299"}],"wp:attachment":[{"href":"https:\/\/elinformanteperu.com\/index.php\/wp-json\/wp\/v2\/media?parent=101298"}],"wp:term":[{"taxonomy":"category","embeddable":true,"href":"https:\/\/elinformanteperu.com\/index.php\/wp-json\/wp\/v2\/categories?post=101298"},{"taxonomy":"post_tag","embeddable":true,"href":"https:\/\/elinformanteperu.com\/index.php\/wp-json\/wp\/v2\/tags?post=101298"}],"curies":[{"name":"wp","href":"https:\/\/api.w.org\/{rel}","templated":true}]}}