{"id":101295,"date":"2021-06-30T20:19:04","date_gmt":"2021-07-01T01:19:04","guid":{"rendered":"https:\/\/elinformanteperu.com\/?p=101295"},"modified":"2021-06-30T20:19:04","modified_gmt":"2021-07-01T01:19:04","slug":"luis-abram-no-seguira-en-el-velez-sarsfield-y-se-despide-de-manera-emotiva","status":"publish","type":"post","link":"https:\/\/elinformanteperu.com\/index.php\/2021\/06\/30\/luis-abram-no-seguira-en-el-velez-sarsfield-y-se-despide-de-manera-emotiva\/","title":{"rendered":"Luis Abram no seguir\u00e1 en el V\u00e9lez Sarsfield y se despide de manera emotiva"},"content":{"rendered":"<p><strong><span style=\"color: #000000;\">El contrato del defensa de la selecci\u00f3n peruana concluye hoy y ahora buscar\u00e1 d\u00f3nde seguir su carrera<\/span><\/strong><\/p>\n<p><span style=\"color: #000000;\"><strong>Goiania, 30 Junio 2021, (ANDINA).-<\/strong> El defensor de la selecci\u00f3n peruana, Luis Abram, se despidi\u00f3 del club V\u00e9lez Sarsfield de Argentina, donde milit\u00f3 en los \u00faltimos tres a\u00f1os y en el cual no proseguir\u00e1 su carrera deportiva luego que su contrato con el equipo argentino concluy\u00f3 hoy y no ser\u00e1 renovado.<\/span><\/p>\n<p><span style=\"color: #000000;\">Luis Abram, utiliz\u00f3 las redes sociales para despedirse de su exclub y en adelante se tomar\u00e1 unos d\u00edas para confirmar a d\u00f3nde jugar\u00e1 desde la pr\u00f3xima temporada.<\/span><\/p>\n<p><span style=\"color: #000000;\">\u00abHoy se cierra una etapa muy importante en mi vida profesional con un gran club, V\u00e9lez Sarsfield; mientras escribo, recuerdo lo vivido y siento nostalgia. Mi v\u00ednculo contractual culmina hoy 30 de junio pero mantendr\u00e9 mi v\u00ednculo emocional por siempre\u00bb, se\u00f1alaba el zaguero desde la concentraci\u00f3n de la selecci\u00f3n peruana en Brasil.<\/span><\/p>\n<p><span style=\"color: #000000;\">El defensor cont\u00f3 que \u00abHace ya casi 3 a\u00f1os y medio, me enamor\u00e9 de V\u00e9lez, que me abri\u00f3 sus puertas y desde el primer momento, trabajadores, cuerpo m\u00e9dico, cuerpo t\u00e9cnico, compa\u00f1eros e hinchas me hicieron sentir siempre en familia, siempre en casa. Siendo leal a este amor y respeto que fue creciendo d\u00eda a d\u00eda, cada vez que defend\u00ed esta camiseta, siempre di lo mejor de m\u00ed y dej\u00e9 la piel en la cancha\u00bb.<\/span><\/p>\n<p><span style=\"color: #000000;\">Abram agradeci\u00f3 a los t\u00e9cnicos que lo hicieron mejor futbolista y nombr\u00f3 a Gabriel Heinze y Mauricio Pellegrino, quienes confiaron en \u00e9l y le brindaron la confianza debida que lo ayud\u00f3 a elevar su nivel en el club de Liniers.<\/span><\/p>\n<p><span style=\"color: #000000;\">Finalmente, el jugador peruano explic\u00f3 c\u00f3mo se da su salida del V\u00e9lez Sarsfield, ya que en los \u00faltimos meses se habl\u00f3 de innumerables ofertas por el defensa central que incluso dejar\u00eda un buen dinero al equipo argentino.<\/span><\/p>\n<p><span style=\"color: #000000;\">\u00abHan sido muchos meses de comentarios y especulaciones, pero lo cierto es que hubo ofertas que hubieran dejado al club un importante retorno econ\u00f3mico; lamentablemente no se concretaron por decisiones ajenas a mi persona. Respet\u00e9 y acat\u00e9 la decisi\u00f3n del club, segu\u00ed trabajando igual que desde mi llegada y lo di todo por esta instituci\u00f3n por eso puedo decir que me voy con la cabeza en alto y la conciencia tranquila, aunque las cosas no se den siempre como uno quiere. Me llevo los mejores recuerdos del Club y estoy seguro que el tiempo nos volver\u00e1 a juntar. \u00a1Un abrazo a todos los fortineros, los llevar\u00e9 siempre en mi coraz\u00f3n!\u00bb, escribi\u00f3 Luis Abram.<\/span><\/p>\n<blockquote class=\"twitter-tweet\">\n<p dir=\"ltr\" lang=\"es\">Luis <a href=\"https:\/\/twitter.com\/hashtag\/Abram?src=hash&amp;ref_src=twsrc%5Etfw\">#Abram<\/a> no es m\u00e1s jugador de <a href=\"https:\/\/twitter.com\/hashtag\/V%C3%A9lez?src=hash&amp;ref_src=twsrc%5Etfw\">#V\u00e9lez<\/a>. El defensa peruano se despidi\u00f3 del club argentino a trav\u00e9s de una extensa carta en sus redes sociales. <a href=\"https:\/\/t.co\/DiuiD1LEEl\">pic.twitter.com\/DiuiD1LEEl<\/a><\/p>\n<p>\u2014 ESPN Per\u00fa (@ESPNPeru) <a href=\"https:\/\/twitter.com\/ESPNPeru\/status\/1410087583950966787?ref_src=twsrc%5Etfw\">June 30, 2021<\/a><\/p><\/blockquote>\n<p><script async src=\"https:\/\/platform.twitter.com\/widgets.js\" charset=\"utf-8\"><\/script><\/p>\n","protected":false},"excerpt":{"rendered":"<p>El contrato del defensa de la selecci\u00f3n peruana concluye hoy y ahora buscar\u00e1 d\u00f3nde seguir su carrera Goiania, 30 Junio 2021, (ANDINA).- El defensor de la selecci\u00f3n peruana, Luis Abram, se despidi\u00f3 del club V\u00e9lez Sarsfield de Argentina, donde milit\u00f3 en los \u00faltimos tres a\u00f1os y en el cual no proseguir\u00e1 su carrera deportiva luego [&hellip;]<\/p>\n","protected":false},"author":1,"featured_media":101296,"comment_status":"closed","ping_status":"closed","sticky":false,"template":"","format":"standard","meta":{"rop_custom_images_group":[],"rop_custom_messages_group":[],"rop_publish_now":"initial","rop_publish_now_accounts":[],"rop_publish_now_history":[],"rop_publish_now_status":"pending","footnotes":""},"categories":[8],"tags":[1335,5483],"class_list":["post-101295","post","type-post","status-publish","format-standard","has-post-thumbnail","hentry","category-disciplinas-deportivas","tag-luis-abram","tag-velez-sarsfield"],"_links":{"self":[{"href":"https:\/\/elinformanteperu.com\/index.php\/wp-json\/wp\/v2\/posts\/101295","targetHints":{"allow":["GET"]}}],"collection":[{"href":"https:\/\/elinformanteperu.com\/index.php\/wp-json\/wp\/v2\/posts"}],"about":[{"href":"https:\/\/elinformanteperu.com\/index.php\/wp-json\/wp\/v2\/types\/post"}],"author":[{"embeddable":true,"href":"https:\/\/elinformanteperu.com\/index.php\/wp-json\/wp\/v2\/users\/1"}],"replies":[{"embeddable":true,"href":"https:\/\/elinformanteperu.com\/index.php\/wp-json\/wp\/v2\/comments?post=101295"}],"version-history":[{"count":1,"href":"https:\/\/elinformanteperu.com\/index.php\/wp-json\/wp\/v2\/posts\/101295\/revisions"}],"predecessor-version":[{"id":101297,"href":"https:\/\/elinformanteperu.com\/index.php\/wp-json\/wp\/v2\/posts\/101295\/revisions\/101297"}],"wp:featuredmedia":[{"embeddable":true,"href":"https:\/\/elinformanteperu.com\/index.php\/wp-json\/wp\/v2\/media\/101296"}],"wp:attachment":[{"href":"https:\/\/elinformanteperu.com\/index.php\/wp-json\/wp\/v2\/media?parent=101295"}],"wp:term":[{"taxonomy":"category","embeddable":true,"href":"https:\/\/elinformanteperu.com\/index.php\/wp-json\/wp\/v2\/categories?post=101295"},{"taxonomy":"post_tag","embeddable":true,"href":"https:\/\/elinformanteperu.com\/index.php\/wp-json\/wp\/v2\/tags?post=101295"}],"curies":[{"name":"wp","href":"https:\/\/api.w.org\/{rel}","templated":true}]}}