{"id":101287,"date":"2021-06-29T17:05:40","date_gmt":"2021-06-29T22:05:40","guid":{"rendered":"https:\/\/elinformanteperu.com\/?p=101287"},"modified":"2021-06-29T17:05:40","modified_gmt":"2021-06-29T22:05:40","slug":"congreso-comision-permanente-sesionara-el-martes-6-de-julio","status":"publish","type":"post","link":"https:\/\/elinformanteperu.com\/index.php\/2021\/06\/29\/congreso-comision-permanente-sesionara-el-martes-6-de-julio\/","title":{"rendered":"Congreso: Comisi\u00f3n Permanente sesionar\u00e1 el martes 6 de julio"},"content":{"rendered":"<p><strong><span style=\"color: #000000;\">Ver\u00e1 denuncias constitucionales contra Mart\u00edn Vizcarra y exministros<\/span><\/strong><\/p>\n<p><span style=\"color: #000000;\"><strong>Lima, 29 Junio 2021, (ANDINA).-<\/strong> La Comisi\u00f3n Permanente del Congreso sesionar\u00e1 de manera virtual el martes 6 de julio a partir de las 14.00 horas.<\/span><\/p>\n<p><span style=\"color: #000000;\">La sesi\u00f3n fue convocada por la presidenta del Parlamento, Mirtha V\u00e1squez.<\/span><\/p>\n<p><span style=\"color: #000000;\">Seg\u00fan la agenda publicada por el Congreso, la Comisi\u00f3n Permanente ver\u00e1 informes de calificaci\u00f3n de la Subcomisi\u00f3n de Acusaciones Constitucionales (denuncias procedentes y procedente en un extremo) e informes finales.<\/span><\/p>\n<p><span style=\"color: #000000;\">Entre ellas figura la denuncia 434 contra el expresidente Mart\u00edn Vizcarra por la presunta comisi\u00f3n de concusi\u00f3n, colusi\u00f3n agravada, cohecho pasivo propio, negociaci\u00f3n incompatible y falsificaci\u00f3n de documentos.<\/span><\/p>\n<p><span style=\"color: #000000;\">De igual forma, la 398 presentada contra el exministro de Salud, V\u00edctor Zamora, y la 451 contra Vizcarra y las exministras de Cultura, Patricia Balbuena, Ulla Holmquist Pachas y Sonia Guill\u00e9n Oneeglio.<\/span><\/p>\n<p><span style=\"color: #000000;\">Adem\u00e1s, abordar\u00e1 el informe final de las denuncias constitucionales 284, 344 y 375, formuladas contra el excongresista Daniel Salaverry, por presunta falsedad gen\u00e9rica y otros delitos.<\/span><\/p>\n<p><span style=\"color: #000000;\">Tambi\u00e9n se tiene previsto debatir el informe final sobre la denuncia constitucional 342 contra Guido Aguila, quien form\u00f3 parte del desactivado Consejo Nacional de la Magistratura, por presunto delito de tr\u00e1fico de influencias y patrocinio ilegal.<\/span><\/p>\n","protected":false},"excerpt":{"rendered":"<p>Ver\u00e1 denuncias constitucionales contra Mart\u00edn Vizcarra y exministros Lima, 29 Junio 2021, (ANDINA).- La Comisi\u00f3n Permanente del Congreso sesionar\u00e1 de manera virtual el martes 6 de julio a partir de las 14.00 horas. La sesi\u00f3n fue convocada por la presidenta del Parlamento, Mirtha V\u00e1squez. Seg\u00fan la agenda publicada por el Congreso, la Comisi\u00f3n Permanente ver\u00e1 [&hellip;]<\/p>\n","protected":false},"author":1,"featured_media":86611,"comment_status":"closed","ping_status":"closed","sticky":false,"template":"","format":"standard","meta":{"rop_custom_images_group":[],"rop_custom_messages_group":[],"rop_publish_now":"initial","rop_publish_now_accounts":[],"rop_publish_now_history":[],"rop_publish_now_status":"pending","footnotes":""},"categories":[5],"tags":[192],"class_list":["post-101287","post","type-post","status-publish","format-standard","has-post-thumbnail","hentry","category-actualidad-informativa","tag-congreso"],"_links":{"self":[{"href":"https:\/\/elinformanteperu.com\/index.php\/wp-json\/wp\/v2\/posts\/101287","targetHints":{"allow":["GET"]}}],"collection":[{"href":"https:\/\/elinformanteperu.com\/index.php\/wp-json\/wp\/v2\/posts"}],"about":[{"href":"https:\/\/elinformanteperu.com\/index.php\/wp-json\/wp\/v2\/types\/post"}],"author":[{"embeddable":true,"href":"https:\/\/elinformanteperu.com\/index.php\/wp-json\/wp\/v2\/users\/1"}],"replies":[{"embeddable":true,"href":"https:\/\/elinformanteperu.com\/index.php\/wp-json\/wp\/v2\/comments?post=101287"}],"version-history":[{"count":1,"href":"https:\/\/elinformanteperu.com\/index.php\/wp-json\/wp\/v2\/posts\/101287\/revisions"}],"predecessor-version":[{"id":101288,"href":"https:\/\/elinformanteperu.com\/index.php\/wp-json\/wp\/v2\/posts\/101287\/revisions\/101288"}],"wp:featuredmedia":[{"embeddable":true,"href":"https:\/\/elinformanteperu.com\/index.php\/wp-json\/wp\/v2\/media\/86611"}],"wp:attachment":[{"href":"https:\/\/elinformanteperu.com\/index.php\/wp-json\/wp\/v2\/media?parent=101287"}],"wp:term":[{"taxonomy":"category","embeddable":true,"href":"https:\/\/elinformanteperu.com\/index.php\/wp-json\/wp\/v2\/categories?post=101287"},{"taxonomy":"post_tag","embeddable":true,"href":"https:\/\/elinformanteperu.com\/index.php\/wp-json\/wp\/v2\/tags?post=101287"}],"curies":[{"name":"wp","href":"https:\/\/api.w.org\/{rel}","templated":true}]}}