{"id":101284,"date":"2021-06-29T17:03:30","date_gmt":"2021-06-29T22:03:30","guid":{"rendered":"https:\/\/elinformanteperu.com\/?p=101284"},"modified":"2021-06-29T17:03:30","modified_gmt":"2021-06-29T22:03:30","slug":"pedro-castillo-destaca-tendencia-a-la-baja-del-dolar","status":"publish","type":"post","link":"https:\/\/elinformanteperu.com\/index.php\/2021\/06\/29\/pedro-castillo-destaca-tendencia-a-la-baja-del-dolar\/","title":{"rendered":"Pedro Castillo destaca tendencia a la baja del d\u00f3lar"},"content":{"rendered":"<p><span style=\"color: #000000;\"><strong>Lima, 29 Junio 2021, (ANDINA).-<\/strong> El candidato de Per\u00fa Libre, Pedro Castillo, destac\u00f3 hoy la tendencia a la baja del d\u00f3lar en el pa\u00eds, cuya cotizaci\u00f3n en la v\u00edspera lleg\u00f3 a 3.89 soles.<\/span><\/p>\n<p><span style=\"color: #000000;\">\u00abSe sienten los pasos de un gobierno democr\u00e1tico que prioriza la estabilidad econ\u00f3mica. El d\u00f3lar tiende a la baja\u00bb, escribi\u00f3 en su cuenta en Twitter.<\/span><\/p>\n<p><span style=\"color: #000000;\">A las 10:00 horas del lunes, la cotizaci\u00f3n de venta del d\u00f3lar fue de 3.896 soles en el mercado interbancario; en la jornada previa hab\u00eda sido de 3.969 soles.<\/span><\/p>\n<p><span style=\"color: #000000;\">La semana pasada, a trav\u00e9s de un comunicado, el partido Per\u00fa Libre calific\u00f3 de irresponsables las proyecciones econ\u00f3micas que, a su entender, hab\u00edan hecho algunos exfuncionarios p\u00fablicos sobre las tasas de inflaci\u00f3n.<\/span><\/p>\n<p><span style=\"color: #000000;\">La agrupaci\u00f3n pol\u00edtica remarc\u00f3 que, durante la eventual gesti\u00f3n de Pedro Castillo, la pol\u00edtica monetaria permanecer\u00e1 independiente y con la misma meta anual de 2 % que ha regido desde hace 20 a\u00f1os.<\/span><\/p>\n<p><span style=\"color: #000000;\">Enfatiz\u00f3, en tal sentido, que las especulaciones sobre la inflaci\u00f3n son \u00abtotalmente irresponsables porque no tienen fundamento t\u00e9cnico ni material alguno\u00bb.<\/span><\/p>\n<p><span style=\"color: #000000;\">Bajo esa premisa, el partido subray\u00f3 que el equilibrio fiscal de largo plazo se mantendr\u00e1, incluso con las tasas impositivas vigentes.<\/span><\/p>\n<p><a href=\"https:\/\/elinformanteperu.com\/wp-content\/uploads\/2021\/06\/pedro-castillo-mitin5.jpg\"><img fetchpriority=\"high\" decoding=\"async\" class=\"alignnone size-full wp-image-101135\" src=\"https:\/\/elinformanteperu.com\/wp-content\/uploads\/2021\/06\/pedro-castillo-mitin5.jpg\" alt=\"\" width=\"1800\" height=\"1200\" srcset=\"https:\/\/elinformanteperu.com\/wp-content\/uploads\/2021\/06\/pedro-castillo-mitin5.jpg 1800w, https:\/\/elinformanteperu.com\/wp-content\/uploads\/2021\/06\/pedro-castillo-mitin5-300x200.jpg 300w, https:\/\/elinformanteperu.com\/wp-content\/uploads\/2021\/06\/pedro-castillo-mitin5-1024x683.jpg 1024w, https:\/\/elinformanteperu.com\/wp-content\/uploads\/2021\/06\/pedro-castillo-mitin5-768x512.jpg 768w, https:\/\/elinformanteperu.com\/wp-content\/uploads\/2021\/06\/pedro-castillo-mitin5-1536x1024.jpg 1536w\" sizes=\"(max-width: 1800px) 100vw, 1800px\" \/><\/a><\/p>\n","protected":false},"excerpt":{"rendered":"<p>Lima, 29 Junio 2021, (ANDINA).- El candidato de Per\u00fa Libre, Pedro Castillo, destac\u00f3 hoy la tendencia a la baja del d\u00f3lar en el pa\u00eds, cuya cotizaci\u00f3n en la v\u00edspera lleg\u00f3 a 3.89 soles. \u00abSe sienten los pasos de un gobierno democr\u00e1tico que prioriza la estabilidad econ\u00f3mica. El d\u00f3lar tiende a la baja\u00bb, escribi\u00f3 en su [&hellip;]<\/p>\n","protected":false},"author":1,"featured_media":101285,"comment_status":"closed","ping_status":"closed","sticky":false,"template":"","format":"standard","meta":{"rop_custom_images_group":[],"rop_custom_messages_group":[],"rop_publish_now":"initial","rop_publish_now_accounts":[],"rop_publish_now_history":[],"rop_publish_now_status":"pending","footnotes":""},"categories":[5],"tags":[6466,2092,5006],"class_list":["post-101284","post","type-post","status-publish","format-standard","has-post-thumbnail","hentry","category-actualidad-informativa","tag-elecciones-segunda-vuelta-2021","tag-pedro-castillo","tag-peru-libre"],"_links":{"self":[{"href":"https:\/\/elinformanteperu.com\/index.php\/wp-json\/wp\/v2\/posts\/101284","targetHints":{"allow":["GET"]}}],"collection":[{"href":"https:\/\/elinformanteperu.com\/index.php\/wp-json\/wp\/v2\/posts"}],"about":[{"href":"https:\/\/elinformanteperu.com\/index.php\/wp-json\/wp\/v2\/types\/post"}],"author":[{"embeddable":true,"href":"https:\/\/elinformanteperu.com\/index.php\/wp-json\/wp\/v2\/users\/1"}],"replies":[{"embeddable":true,"href":"https:\/\/elinformanteperu.com\/index.php\/wp-json\/wp\/v2\/comments?post=101284"}],"version-history":[{"count":1,"href":"https:\/\/elinformanteperu.com\/index.php\/wp-json\/wp\/v2\/posts\/101284\/revisions"}],"predecessor-version":[{"id":101286,"href":"https:\/\/elinformanteperu.com\/index.php\/wp-json\/wp\/v2\/posts\/101284\/revisions\/101286"}],"wp:featuredmedia":[{"embeddable":true,"href":"https:\/\/elinformanteperu.com\/index.php\/wp-json\/wp\/v2\/media\/101285"}],"wp:attachment":[{"href":"https:\/\/elinformanteperu.com\/index.php\/wp-json\/wp\/v2\/media?parent=101284"}],"wp:term":[{"taxonomy":"category","embeddable":true,"href":"https:\/\/elinformanteperu.com\/index.php\/wp-json\/wp\/v2\/categories?post=101284"},{"taxonomy":"post_tag","embeddable":true,"href":"https:\/\/elinformanteperu.com\/index.php\/wp-json\/wp\/v2\/tags?post=101284"}],"curies":[{"name":"wp","href":"https:\/\/api.w.org\/{rel}","templated":true}]}}