{"id":101204,"date":"2021-06-28T23:37:27","date_gmt":"2021-06-29T04:37:27","guid":{"rendered":"https:\/\/elinformanteperu.com\/?p=101204"},"modified":"2021-06-28T23:37:27","modified_gmt":"2021-06-29T04:37:27","slug":"covid-19-descartan-presencia-de-variante-delta-en-region-la-libertad","status":"publish","type":"post","link":"https:\/\/elinformanteperu.com\/index.php\/2021\/06\/28\/covid-19-descartan-presencia-de-variante-delta-en-region-la-libertad\/","title":{"rendered":"Covid 19: descartan presencia de variante delta en regi\u00f3n La Libertad"},"content":{"rendered":"<p><strong><span style=\"color: #000000;\">Sin embargo, la gerente regional de Salud, Kerstyn Morote, inst\u00f3 a la poblaci\u00f3n a no bajar la guardia<\/span><\/strong><\/p>\n<p><span style=\"color: #000000;\"><strong>Trujillo, 28 Junio 2021, (ANDINA).-<\/strong> Hasta el momento no hay casos de la variante delta de la covid-19 en La Libertad, afirm\u00f3 la gerente regional de Salud, Kerstyn Morote; quien, sin embargo, inst\u00f3 a la poblaci\u00f3n a mantenerse atenta y no bajar la guardia, pese al franco descenso de los contagios y muertes por esta enfermedad.<\/span><\/p>\n<p><span style=\"color: #000000;\">\u201cPodr\u00eda suceder en cualquier momento (la aparici\u00f3n de alguna variante), sobre todo por el comportamiento social. Como se sabe, ha habido viajes de la poblaci\u00f3n liberte\u00f1a hacia Lima y viceversa. Incluso, algunos han ido al sur; por eso es importante seguir cuid\u00e1ndonos y mantener las medidas de bioseguridad\u201d, dijo.<\/span><\/p>\n<p><span style=\"color: #000000;\">Seg\u00fan la funcionaria, de llegar la variante delta a la regi\u00f3n, la enfermedad ser\u00eda tan contagiosa que incluso una persona infectada podr\u00eda transmitir el virus a 8 personas en una reuni\u00f3n grupal.<\/span><\/p>\n<p><span style=\"color: #000000;\">\u201cTodos los casos de coronavirus presentan la misma sintomatolog\u00eda, pero el cuadro de la variante delta es mucho m\u00e1s agresivo. Inmediatamente la persona puede presentar una baja saturaci\u00f3n, malestar general y requerir hospitalizaci\u00f3n en 3 o 4 d\u00edas\u201d, manifest\u00f3.<\/span><\/p>\n<p><span style=\"color: #000000;\">Del mismo modo, Morote mostr\u00f3 su preocupaci\u00f3n por eventos de participaci\u00f3n masiva como las elecciones presidenciales de la segunda vuelta, las protestas y otras formas de aglomeraci\u00f3n ocurridas en las \u00faltimas semanas.<\/span><\/p>\n<p><span style=\"color: #000000;\">Ello, porque puede ser factores de alto riesgo de contagio, m\u00e1s a\u00fan cuando ya se tiene la variante delta dentro del pa\u00eds. Ante esta situaci\u00f3n, formul\u00f3 un llamado a la comunidad liberte\u00f1a para que act\u00faen con mucha responsabilidad. <\/span><br \/>\n<span style=\"color: #000000;\">Vacunaci\u00f3n<\/span><\/p>\n<p><span style=\"color: #000000;\">Consultada sobre el proceso de vacunaci\u00f3n, mencion\u00f3 que hoy el ministro de Salud, \u00d3scar Ugarte, y su equipo t\u00e9cnico presentan al presidente Francisco Sagasti el cuadro de distribuci\u00f3n de vacunas a nivel nacional, \u201cy a m\u00e1s tardar ma\u00f1ana sabremos cu\u00e1ntas dosis nos van a enviar para la inmunizaci\u00f3n de los adultos de 50 a 59 a\u00f1os\u201d.<\/span><\/p>\n<p><span style=\"color: #000000;\">\u201cEn toda la regi\u00f3n tenemos programado un proceso de vacunaci\u00f3n de 10 d\u00edas para poder inocular a las personas de 50 a 59 a\u00f1os y as\u00ed terminar con esta poblaci\u00f3n. La regi\u00f3n ya recibi\u00f3 m\u00e1s de 512 mil vacunas, de las cuales se ha vacunado con 450 mil, y el restante se est\u00e1 vacunando esta semana con la segunda dosis\u201d, puntualiz\u00f3. En d\u00edas pasados se inform\u00f3 que en La Libertad se requieren 192, 663 dosis para vacunar a este grupo etario.<\/span><\/p>\n<p><span style=\"color: #000000;\">Respecto a una posible adquisici\u00f3n de vacunas por parte de la regi\u00f3n, explic\u00f3 que a\u00fan no ha salido el reglamento de la norma recientemente publicada que faculta a otras instituciones a adquirir vacunas. Mientras tanto, se encuentran estudiando la norma y cuando se publique el documento se formar\u00e1 un comit\u00e9 para implementar un flujo de trabajo a efectos de determinar c\u00f3mo ser\u00eda la compra, cu\u00e1l es la necesidad de la regi\u00f3n y cu\u00e1les son los aliados para trabajar en conjunto.<\/span><\/p>\n","protected":false},"excerpt":{"rendered":"<p>Sin embargo, la gerente regional de Salud, Kerstyn Morote, inst\u00f3 a la poblaci\u00f3n a no bajar la guardia Trujillo, 28 Junio 2021, (ANDINA).- Hasta el momento no hay casos de la variante delta de la covid-19 en La Libertad, afirm\u00f3 la gerente regional de Salud, Kerstyn Morote; quien, sin embargo, inst\u00f3 a la poblaci\u00f3n a [&hellip;]<\/p>\n","protected":false},"author":1,"featured_media":101205,"comment_status":"closed","ping_status":"closed","sticky":false,"template":"","format":"standard","meta":{"rop_custom_images_group":[],"rop_custom_messages_group":[],"rop_publish_now":"initial","rop_publish_now_accounts":[],"rop_publish_now_history":[],"rop_publish_now_status":"pending","footnotes":""},"categories":[10],"tags":[4270,388,431,5939],"class_list":["post-101204","post","type-post","status-publish","format-standard","has-post-thumbnail","hentry","category-actualidad-municipal","tag-la-libertad","tag-ministerio-de-salud","tag-minsa","tag-vacunacion"],"_links":{"self":[{"href":"https:\/\/elinformanteperu.com\/index.php\/wp-json\/wp\/v2\/posts\/101204","targetHints":{"allow":["GET"]}}],"collection":[{"href":"https:\/\/elinformanteperu.com\/index.php\/wp-json\/wp\/v2\/posts"}],"about":[{"href":"https:\/\/elinformanteperu.com\/index.php\/wp-json\/wp\/v2\/types\/post"}],"author":[{"embeddable":true,"href":"https:\/\/elinformanteperu.com\/index.php\/wp-json\/wp\/v2\/users\/1"}],"replies":[{"embeddable":true,"href":"https:\/\/elinformanteperu.com\/index.php\/wp-json\/wp\/v2\/comments?post=101204"}],"version-history":[{"count":1,"href":"https:\/\/elinformanteperu.com\/index.php\/wp-json\/wp\/v2\/posts\/101204\/revisions"}],"predecessor-version":[{"id":101206,"href":"https:\/\/elinformanteperu.com\/index.php\/wp-json\/wp\/v2\/posts\/101204\/revisions\/101206"}],"wp:featuredmedia":[{"embeddable":true,"href":"https:\/\/elinformanteperu.com\/index.php\/wp-json\/wp\/v2\/media\/101205"}],"wp:attachment":[{"href":"https:\/\/elinformanteperu.com\/index.php\/wp-json\/wp\/v2\/media?parent=101204"}],"wp:term":[{"taxonomy":"category","embeddable":true,"href":"https:\/\/elinformanteperu.com\/index.php\/wp-json\/wp\/v2\/categories?post=101204"},{"taxonomy":"post_tag","embeddable":true,"href":"https:\/\/elinformanteperu.com\/index.php\/wp-json\/wp\/v2\/tags?post=101204"}],"curies":[{"name":"wp","href":"https:\/\/api.w.org\/{rel}","templated":true}]}}