{"id":101195,"date":"2021-06-28T22:57:32","date_gmt":"2021-06-29T03:57:32","guid":{"rendered":"https:\/\/elinformanteperu.com\/?p=101195"},"modified":"2021-06-28T22:57:32","modified_gmt":"2021-06-29T03:57:32","slug":"disney-da-luz-verde-a-la-serie-musical-la-bella-y-la-bestia","status":"publish","type":"post","link":"https:\/\/elinformanteperu.com\/index.php\/2021\/06\/28\/disney-da-luz-verde-a-la-serie-musical-la-bella-y-la-bestia\/","title":{"rendered":"Disney da luz verde a la serie musical \u00abLa Bella y la Bestia\u00bb"},"content":{"rendered":"<p><strong><span style=\"color: #000000;\">El galardonado compositor Alan Menken estar\u00e1 a cargo de la banda sonora original<\/span><\/strong><\/p>\n<p><span style=\"color: #000000;\"><strong>Lima, 28 Junio 2021, (El Informante Per\u00fa).-<\/strong> Disney anunci\u00f3 que dio luz verde a una serie musical, La Bella y La Bestia (t\u00edtulo provisorio).<\/span><\/p>\n<p><span style=\"color: #000000;\">Ser\u00e1 una precuela de ocho episodios de la popular pel\u00edcula de acci\u00f3n real La Bella y La Bestia. La historia estar\u00e1 protagonizada por Luke Evans y Josh Gad, que volver\u00e1n a interpretar los papeles de Gast\u00f3n y LeFou, adem\u00e1s de Briana Middleton como la hermanastra de Louie, Tilly.<\/span><\/p>\n<p><span style=\"color: #000000;\">Alan Menken ser\u00e1 productor ejecutivo, y las letras de las canciones del primer episodio ser\u00e1n del letrista Glenn Slater. La producci\u00f3n comenzar\u00e1 en el 2022.<\/span><\/p>\n<p><span style=\"color: #000000;\">Ambientado en el ic\u00f3nico reino, a\u00f1os antes del \u00e9pico romance de Bella y La Bestia, la serie girar\u00e1 en torno a Gast\u00f3n y LeFou cuando parten con la hermanastra de LeFou, Tilly, luego de que sale a la luz una sorprendente revelaci\u00f3n de su pasado, lanzando al insospechado tr\u00edo a un inesperado viaje lleno de romance, comedia y aventuras. Mientras se van descubriendo los misterios del pasado y aumentan los peligros del presente, viejos amigos y nuevos enemigos revelan que este conocido reino oculta muchos secretos.<\/span><\/p>\n<p><span style=\"color: #000000;\">Para cualquiera que se haya preguntado c\u00f3mo un arrogante como Gast\u00f3n y un despistado como LeFou llegaron a hacerse amigos y socios, o c\u00f3mo una m\u00edstica hechicera lleg\u00f3 a lanzar aquel espantoso maleficio sobre el pr\u00edncipe que se convirti\u00f3 en bestia, la serie brindar\u00e1 finalmente respuestas a esos interrogantes&#8230; y provocar\u00e1 una nueva serie de preguntas.<\/span><\/p>\n<p><span style=\"color: #000000;\">\u201cDurante tres d\u00e9cadas, esta f\u00e1bula ancestral ha sido una fuente de inspiraci\u00f3n para generaciones de fans de todo el mundo \u2013afirm\u00f3 Michael Paull, president, Disney+ and ESPN+\u2013. Estamos deseando volver a recibir a nuestros hu\u00e9spedes al mundo m\u00e1gico y musical de La Bella y La Bestia con un cap\u00edtulo completamente nuevo en el que estar\u00e1n LeFou, Gast\u00f3n y un maravilloso elenco de nuevos personajes\u201d.<\/span><\/p>\n<p><span style=\"color: #000000;\">La Bella y La Bestia es producida ejecutivamente por Gad, Kitsis, Horowitz, Menken y Tommy, y producida por Evans. Gad, Kitsis y Horowitz son los showrunners y guionistas de la serie. La banda sonora ser\u00e1 lanzada por Walt Disney Records.<\/span><\/p>\n<p><iframe title=\"YouTube video player\" src=\"https:\/\/www.youtube-nocookie.com\/embed\/axySrE0Kg6k?controls=0\" width=\"520\" height=\"315\" frameborder=\"0\" allowfullscreen=\"allowfullscreen\"><\/iframe><\/p>\n","protected":false},"excerpt":{"rendered":"<p>El galardonado compositor Alan Menken estar\u00e1 a cargo de la banda sonora original Lima, 28 Junio 2021, (El Informante Per\u00fa).- Disney anunci\u00f3 que dio luz verde a una serie musical, La Bella y La Bestia (t\u00edtulo provisorio). Ser\u00e1 una precuela de ocho episodios de la popular pel\u00edcula de acci\u00f3n real La Bella y La Bestia. [&hellip;]<\/p>\n","protected":false},"author":1,"featured_media":101196,"comment_status":"closed","ping_status":"closed","sticky":false,"template":"","format":"standard","meta":{"rop_custom_images_group":[],"rop_custom_messages_group":[],"rop_publish_now":"initial","rop_publish_now_accounts":[],"rop_publish_now_history":[],"rop_publish_now_status":"pending","footnotes":""},"categories":[70],"tags":[],"class_list":["post-101195","post","type-post","status-publish","format-standard","has-post-thumbnail","hentry","category-farandula"],"_links":{"self":[{"href":"https:\/\/elinformanteperu.com\/index.php\/wp-json\/wp\/v2\/posts\/101195","targetHints":{"allow":["GET"]}}],"collection":[{"href":"https:\/\/elinformanteperu.com\/index.php\/wp-json\/wp\/v2\/posts"}],"about":[{"href":"https:\/\/elinformanteperu.com\/index.php\/wp-json\/wp\/v2\/types\/post"}],"author":[{"embeddable":true,"href":"https:\/\/elinformanteperu.com\/index.php\/wp-json\/wp\/v2\/users\/1"}],"replies":[{"embeddable":true,"href":"https:\/\/elinformanteperu.com\/index.php\/wp-json\/wp\/v2\/comments?post=101195"}],"version-history":[{"count":1,"href":"https:\/\/elinformanteperu.com\/index.php\/wp-json\/wp\/v2\/posts\/101195\/revisions"}],"predecessor-version":[{"id":101197,"href":"https:\/\/elinformanteperu.com\/index.php\/wp-json\/wp\/v2\/posts\/101195\/revisions\/101197"}],"wp:featuredmedia":[{"embeddable":true,"href":"https:\/\/elinformanteperu.com\/index.php\/wp-json\/wp\/v2\/media\/101196"}],"wp:attachment":[{"href":"https:\/\/elinformanteperu.com\/index.php\/wp-json\/wp\/v2\/media?parent=101195"}],"wp:term":[{"taxonomy":"category","embeddable":true,"href":"https:\/\/elinformanteperu.com\/index.php\/wp-json\/wp\/v2\/categories?post=101195"},{"taxonomy":"post_tag","embeddable":true,"href":"https:\/\/elinformanteperu.com\/index.php\/wp-json\/wp\/v2\/tags?post=101195"}],"curies":[{"name":"wp","href":"https:\/\/api.w.org\/{rel}","templated":true}]}}