{"id":101192,"date":"2021-06-28T20:46:00","date_gmt":"2021-06-29T01:46:00","guid":{"rendered":"https:\/\/elinformanteperu.com\/?p=101192"},"modified":"2021-06-28T20:46:00","modified_gmt":"2021-06-29T01:46:00","slug":"eurocopa-suiza-despide-a-francia-en-penales-y-se-cita-con-espana-en-cuartos","status":"publish","type":"post","link":"https:\/\/elinformanteperu.com\/index.php\/2021\/06\/28\/eurocopa-suiza-despide-a-francia-en-penales-y-se-cita-con-espana-en-cuartos\/","title":{"rendered":"Eurocopa: Suiza despide a Francia en penales y se cita con Espa\u00f1a en cuartos"},"content":{"rendered":"<p><span style=\"color: #000000;\"><strong>Budapest, 28 Junio 2021, (ANDINA).-<\/strong> Un fallo del astro franc\u00e9s Kylian Mbapp\u00e9 en el \u00faltimo lanzamiento de la tanda de penales dio a Suiza el pase a cuartos de final de la Eurocopa despu\u00e9s de haber empatado 3-3 en el tiempo reglamentario, este lunes en Bucarest.<\/span><\/p>\n<p><span style=\"color: #000000;\">Francia dominaba 3-1 a falta de diez minutos para el final del partido cuando Suiza logr\u00f3 llevar el partido a la prolongaci\u00f3n y el boleto a los cuartos en una tanda de penales en la que solo fall\u00f3 la estrella del Par\u00eds Saint-Germain.<\/span><\/p>\n<p><span style=\"color: #000000;\">En los 90 minutos reglamentarios por parte suiza marc\u00f3 un doblete de cabeza su dorsal &#8216;9&#8217; Haris Seferovic (15, 81), antes de que Mario Gavranovic (90) llevara el duelo a la pr\u00f3rroga.<\/span><\/p>\n<p><span style=\"color: #000000;\">Los goles franceses fueron cosa de Karim Benzema, en tres minutos de locura (57, 59), secundado por Paul Pogba con un tiro por toda la escuadra desde fuera del \u00e1rea (75).<\/span><\/p>\n<p><span style=\"color: #000000;\">Por si fuera poco, el arquero y capit\u00e1n de Francia, Hugo Lloris, le hab\u00eda parado un penal a Ricardo Rodriguez (55) justo antes de que se desencadenara el doblete de Benzema.<\/span><\/p>\n<p><span style=\"color: #000000;\">Suiza se ver\u00e1 las caras en los cuartos de final con Espa\u00f1a, el viernes en San Petersburgo. La &#8216;Roja&#8217; elimin\u00f3 anteriormente a Croacia, tambi\u00e9n previo paso por la pr\u00f3rroga, por 5-3.<\/span><\/p>\n<blockquote class=\"twitter-tweet\">\n<p dir=\"ltr\" lang=\"es\">MOMENTOS. Esta imagen quedar\u00e1 por siempre en la historia grande del f\u00fatbol mundial. Es la de Yann Sommer ataj\u00e1ndole el \u00faltimo penal de la definici\u00f3n a Mbapp\u00e9 en Bucarest y metiendo a Suiza en los cuartos de final de la <a href=\"https:\/\/twitter.com\/hashtag\/EURO2020?src=hash&amp;ref_src=twsrc%5Etfw\">#EURO2020<\/a>. <a href=\"https:\/\/t.co\/W2luDmdpxY\">pic.twitter.com\/W2luDmdpxY<\/a><\/p>\n<p>\u2014 SportsCenter (@SC_ESPN) <a href=\"https:\/\/twitter.com\/SC_ESPN\/status\/1409632231954415622?ref_src=twsrc%5Etfw\">June 28, 2021<\/a><\/p><\/blockquote>\n<p><script async src=\"https:\/\/platform.twitter.com\/widgets.js\" charset=\"utf-8\"><\/script><\/p>\n","protected":false},"excerpt":{"rendered":"<p>Budapest, 28 Junio 2021, (ANDINA).- Un fallo del astro franc\u00e9s Kylian Mbapp\u00e9 en el \u00faltimo lanzamiento de la tanda de penales dio a Suiza el pase a cuartos de final de la Eurocopa despu\u00e9s de haber empatado 3-3 en el tiempo reglamentario, este lunes en Bucarest. Francia dominaba 3-1 a falta de diez minutos para [&hellip;]<\/p>\n","protected":false},"author":1,"featured_media":101193,"comment_status":"closed","ping_status":"closed","sticky":false,"template":"","format":"standard","meta":{"rop_custom_images_group":[],"rop_custom_messages_group":[],"rop_publish_now":"initial","rop_publish_now_accounts":[],"rop_publish_now_history":[],"rop_publish_now_status":"pending","footnotes":""},"categories":[8],"tags":[6571,6638],"class_list":["post-101192","post","type-post","status-publish","format-standard","has-post-thumbnail","hentry","category-disciplinas-deportivas","tag-eurocopa-2021","tag-suiza-francia"],"_links":{"self":[{"href":"https:\/\/elinformanteperu.com\/index.php\/wp-json\/wp\/v2\/posts\/101192","targetHints":{"allow":["GET"]}}],"collection":[{"href":"https:\/\/elinformanteperu.com\/index.php\/wp-json\/wp\/v2\/posts"}],"about":[{"href":"https:\/\/elinformanteperu.com\/index.php\/wp-json\/wp\/v2\/types\/post"}],"author":[{"embeddable":true,"href":"https:\/\/elinformanteperu.com\/index.php\/wp-json\/wp\/v2\/users\/1"}],"replies":[{"embeddable":true,"href":"https:\/\/elinformanteperu.com\/index.php\/wp-json\/wp\/v2\/comments?post=101192"}],"version-history":[{"count":1,"href":"https:\/\/elinformanteperu.com\/index.php\/wp-json\/wp\/v2\/posts\/101192\/revisions"}],"predecessor-version":[{"id":101194,"href":"https:\/\/elinformanteperu.com\/index.php\/wp-json\/wp\/v2\/posts\/101192\/revisions\/101194"}],"wp:featuredmedia":[{"embeddable":true,"href":"https:\/\/elinformanteperu.com\/index.php\/wp-json\/wp\/v2\/media\/101193"}],"wp:attachment":[{"href":"https:\/\/elinformanteperu.com\/index.php\/wp-json\/wp\/v2\/media?parent=101192"}],"wp:term":[{"taxonomy":"category","embeddable":true,"href":"https:\/\/elinformanteperu.com\/index.php\/wp-json\/wp\/v2\/categories?post=101192"},{"taxonomy":"post_tag","embeddable":true,"href":"https:\/\/elinformanteperu.com\/index.php\/wp-json\/wp\/v2\/tags?post=101192"}],"curies":[{"name":"wp","href":"https:\/\/api.w.org\/{rel}","templated":true}]}}