{"id":10112,"date":"2017-05-15T23:40:47","date_gmt":"2017-05-16T04:40:47","guid":{"rendered":"http:\/\/elinformanteperu.com\/?p=10112"},"modified":"2017-05-15T23:40:47","modified_gmt":"2017-05-16T04:40:47","slug":"fiscalia-anticorrupcion-investiga-a-gobernador-regional-del-callao-por-colusion-agravada","status":"publish","type":"post","link":"https:\/\/elinformanteperu.com\/index.php\/2017\/05\/15\/fiscalia-anticorrupcion-investiga-a-gobernador-regional-del-callao-por-colusion-agravada\/","title":{"rendered":"Fiscal\u00eda anticorrupci\u00f3n investiga a gobernador regional del Callao por colusi\u00f3n agravada"},"content":{"rendered":"<p><strong><span style=\"color: #000000;\">El gobernador regional del Callao, Walter Mori, y otros funcionarios, son investigados por los delitos de colusi\u00f3n agravada en dos casos relacionados al CAFED.<\/span><\/strong><\/p>\n<p><span style=\"color: #000000;\"><strong>Lima, 15 Mayo 2017, (ANDINA).-<\/strong> El gobernador regional del Callao, Walter Mori, y otros funcionarios, son investigados por los delitos de colusi\u00f3n agravada en dos casos relacionados al Comit\u00e9 del Fondo Administrativo Educativo de esa regi\u00f3n (CAFED), inform\u00f3 la Fiscal\u00eda Corporativa Especializada en Delitos de Corrupci\u00f3n de Funcionarios del Callao.<\/span><\/p>\n<p><span style=\"color: #000000;\">En una de las investigaciones se atribuye a Walter Mori, condici\u00f3n de miembro de dicha comisi\u00f3n, haber presuntamente aprobado la exoneraci\u00f3n del proceso de selecci\u00f3n para dos eventos de capacitaci\u00f3n a docentes del primer puerto el 2011. Con ello se habr\u00eda generado un perjuicio de 6 millones de soles al erario nacional.<\/span><\/p>\n<p><span style=\"color: #000000;\">Seg\u00fan las investigados, diversos funcionarios del CAFED, entre ellos Mori y la gerente general, Ver\u00f3nica Garc\u00eda, habr\u00edan intervenido en la programaci\u00f3n y ejecuci\u00f3n del evento \u00abFormaci\u00f3n de Formadores a nivel internacional en Liderazgo Educativo, Social y Desarrollo local de la Regi\u00f3n Callao\u00bb y \u201cProyecto Puerto Lectura: Chalaco que no lee, se lo lleva la corriente\u00bb, con la participaci\u00f3n de ponentes nacionales e internacionales.<\/span><\/p>\n<p><span style=\"color: #000000;\">Como parte de esta investigaci\u00f3n, que se encuentra formalizada, el Primer Juzgado de Investigaci\u00f3n Preparatoria del Callao suspendi\u00f3 temporalmente de su cargo a Ver\u00f3nica Garc\u00eda por el plazo de dos a\u00f1os (de mayo de este a\u00f1o hasta mayo de 2019) porque existe el peligro de obstaculizaci\u00f3n de la investigaci\u00f3n.<\/span><\/p>\n<p><span style=\"color: #000000;\">El otro caso, que est\u00e1 con acusaci\u00f3n ante el Poder Judicial en el Callao, est\u00e1 tambi\u00e9n relacionado al CAFED, en los referente a la obra Instituto Sim\u00f3n Bol\u00edvar, ubicado en el distrito de Bellavista.<\/span><\/p>\n<p><span style=\"color: #000000;\">Se acusa al gobernador regional del Callao, seg\u00fan la fiscal\u00eda, del delito de colusi\u00f3n agravada en su calidad de miembro del consejo directivo del CAFED, por presuntamente haber intervenido en el proceso de licitaci\u00f3n p\u00fablica y aprobado la ejecuci\u00f3n de la obra en su integridad.<\/span><\/p>\n<p><span style=\"color: #000000;\">\u00abPosteriormente los investigados aprobaron nuevos procesos de contrataci\u00f3n para partidas ya ejecutadas y consideradas en la licitaci\u00f3n, lo que habr\u00eda generado un perjuicio aproximado de 900, 000 soles de las arcas nacionales\u00bb, se\u00f1ala la fiscal\u00eda anticoprrupci\u00f3n.<\/span><\/p>\n<p><span style=\"color: #000000;\">Ambos delitos son sancionados con una pena no menor de 6 a\u00f1os ni mayor de 15 a\u00f1os.<\/span><\/p>\n","protected":false},"excerpt":{"rendered":"<p>El gobernador regional del Callao, Walter Mori, y otros funcionarios, son investigados por los delitos de colusi\u00f3n agravada en dos casos relacionados al CAFED. Lima, 15 Mayo 2017, (ANDINA).- El gobernador regional del Callao, Walter Mori, y otros funcionarios, son investigados por los delitos de colusi\u00f3n agravada en dos casos relacionados al Comit\u00e9 del Fondo [&hellip;]<\/p>\n","protected":false},"author":1,"featured_media":10113,"comment_status":"open","ping_status":"open","sticky":false,"template":"","format":"standard","meta":{"rop_custom_images_group":[],"rop_custom_messages_group":[],"rop_publish_now":"initial","rop_publish_now_accounts":[],"rop_publish_now_history":[],"rop_publish_now_status":"pending","footnotes":""},"categories":[10],"tags":[330,1580],"class_list":["post-10112","post","type-post","status-publish","format-standard","has-post-thumbnail","hentry","category-actualidad-municipal","tag-gobierno-regional-del-callao","tag-walter-mori"],"_links":{"self":[{"href":"https:\/\/elinformanteperu.com\/index.php\/wp-json\/wp\/v2\/posts\/10112","targetHints":{"allow":["GET"]}}],"collection":[{"href":"https:\/\/elinformanteperu.com\/index.php\/wp-json\/wp\/v2\/posts"}],"about":[{"href":"https:\/\/elinformanteperu.com\/index.php\/wp-json\/wp\/v2\/types\/post"}],"author":[{"embeddable":true,"href":"https:\/\/elinformanteperu.com\/index.php\/wp-json\/wp\/v2\/users\/1"}],"replies":[{"embeddable":true,"href":"https:\/\/elinformanteperu.com\/index.php\/wp-json\/wp\/v2\/comments?post=10112"}],"version-history":[{"count":1,"href":"https:\/\/elinformanteperu.com\/index.php\/wp-json\/wp\/v2\/posts\/10112\/revisions"}],"predecessor-version":[{"id":10114,"href":"https:\/\/elinformanteperu.com\/index.php\/wp-json\/wp\/v2\/posts\/10112\/revisions\/10114"}],"wp:featuredmedia":[{"embeddable":true,"href":"https:\/\/elinformanteperu.com\/index.php\/wp-json\/wp\/v2\/media\/10113"}],"wp:attachment":[{"href":"https:\/\/elinformanteperu.com\/index.php\/wp-json\/wp\/v2\/media?parent=10112"}],"wp:term":[{"taxonomy":"category","embeddable":true,"href":"https:\/\/elinformanteperu.com\/index.php\/wp-json\/wp\/v2\/categories?post=10112"},{"taxonomy":"post_tag","embeddable":true,"href":"https:\/\/elinformanteperu.com\/index.php\/wp-json\/wp\/v2\/tags?post=10112"}],"curies":[{"name":"wp","href":"https:\/\/api.w.org\/{rel}","templated":true}]}}