{"id":101081,"date":"2021-06-27T12:44:52","date_gmt":"2021-06-27T17:44:52","guid":{"rendered":"https:\/\/elinformanteperu.com\/?p=101081"},"modified":"2021-06-27T14:40:16","modified_gmt":"2021-06-27T19:40:16","slug":"serena-williams-anuncia-que-no-ira-a-los-juegos-olimpicos","status":"publish","type":"post","link":"https:\/\/elinformanteperu.com\/index.php\/2021\/06\/27\/serena-williams-anuncia-que-no-ira-a-los-juegos-olimpicos\/","title":{"rendered":"Serena Williams anuncia que no ir\u00e1 a los Juegos Ol\u00edmpicos"},"content":{"rendered":"<p><span style=\"color: #000000;\"><strong>Wimbledon, 27 Junio 2021, (ANDINA).-<\/strong> La estadounidense Serena Williams anunci\u00f3, v\u00edspera del inicio de Wimbledon, que no participar\u00e1 en los Juegos Ol\u00edmpicos de Tokio (23 de julio-8 de agosto).<\/span><\/p>\n<p><span style=\"color: #000000;\">\u00abNo estoy en la n\u00f3mina ol\u00edmpica, al menos que yo sepa&#8230; Y si estuviese no deber\u00eda estarlo\u00bb, declar\u00f3 la tenista de 39 a\u00f1os, campeona ol\u00edmpica individual en Londres 2012, precisamente sobre las pistas de Wimbledon.<\/span><\/p>\n<p><span style=\"color: #000000;\">\u00abHay numerosas razones que me han llevado a tomar mi decisi\u00f3n sobre los Juegos Ol\u00edmpicos. No quiero hablar de esto hoy. A lo mejor en otra ocasi\u00f3n, lo siento\u00bb, a\u00f1adi\u00f3.<\/span><\/p>\n<p><span style=\"color: #000000;\">Adem\u00e1s del oro en Londres, Serena tiene otros tres en dobles con su hermana Venus: S\u00eddney-2000, Pek\u00edn-2008 y en la capital brit\u00e1nica, donde logr\u00f3 el doblete.<\/span><\/p>\n<p><span style=\"color: #000000;\">\u00abHe vivido momentos extraordinarios en los Juegos\u00bb, dijo.<\/span><\/p>\n<p><span style=\"color: #000000;\">La peque\u00f1a de las hermanas Williams, que cumplir\u00e1 40 a\u00f1os en septiembre, busca en Wimbledon su 24\u00ba t\u00edtulo grande, para igualar el r\u00e9cord de Margaret Court.<\/span><\/p>\n<blockquote class=\"twitter-tweet\">\n<p dir=\"ltr\" lang=\"es\">La ganadora de cuatro oros ol\u00edmpicos renunci\u00f3 a su cita en Tokyo 2020. <a href=\"https:\/\/t.co\/F021UhwZKA\">https:\/\/t.co\/F021UhwZKA<\/a><\/p>\n<p>\u2014 Noticieros Televisa (@NTelevisa_com) <a href=\"https:\/\/twitter.com\/NTelevisa_com\/status\/1409159325541617671?ref_src=twsrc%5Etfw\">June 27, 2021<\/a><\/p><\/blockquote>\n<p><script async src=\"https:\/\/platform.twitter.com\/widgets.js\" charset=\"utf-8\"><\/script><\/p>\n","protected":false},"excerpt":{"rendered":"<p>Wimbledon, 27 Junio 2021, (ANDINA).- La estadounidense Serena Williams anunci\u00f3, v\u00edspera del inicio de Wimbledon, que no participar\u00e1 en los Juegos Ol\u00edmpicos de Tokio (23 de julio-8 de agosto). \u00abNo estoy en la n\u00f3mina ol\u00edmpica, al menos que yo sepa&#8230; Y si estuviese no deber\u00eda estarlo\u00bb, declar\u00f3 la tenista de 39 a\u00f1os, campeona ol\u00edmpica individual [&hellip;]<\/p>\n","protected":false},"author":1,"featured_media":101082,"comment_status":"closed","ping_status":"closed","sticky":false,"template":"","format":"standard","meta":{"rop_custom_images_group":[],"rop_custom_messages_group":[],"rop_publish_now":"initial","rop_publish_now_accounts":[],"rop_publish_now_history":[],"rop_publish_now_status":"pending","footnotes":""},"categories":[8],"tags":[4908,6631],"class_list":["post-101081","post","type-post","status-publish","format-standard","has-post-thumbnail","hentry","category-disciplinas-deportivas","tag-juegos-olimpicos-tokio-2020","tag-serena-williams"],"_links":{"self":[{"href":"https:\/\/elinformanteperu.com\/index.php\/wp-json\/wp\/v2\/posts\/101081","targetHints":{"allow":["GET"]}}],"collection":[{"href":"https:\/\/elinformanteperu.com\/index.php\/wp-json\/wp\/v2\/posts"}],"about":[{"href":"https:\/\/elinformanteperu.com\/index.php\/wp-json\/wp\/v2\/types\/post"}],"author":[{"embeddable":true,"href":"https:\/\/elinformanteperu.com\/index.php\/wp-json\/wp\/v2\/users\/1"}],"replies":[{"embeddable":true,"href":"https:\/\/elinformanteperu.com\/index.php\/wp-json\/wp\/v2\/comments?post=101081"}],"version-history":[{"count":2,"href":"https:\/\/elinformanteperu.com\/index.php\/wp-json\/wp\/v2\/posts\/101081\/revisions"}],"predecessor-version":[{"id":101089,"href":"https:\/\/elinformanteperu.com\/index.php\/wp-json\/wp\/v2\/posts\/101081\/revisions\/101089"}],"wp:featuredmedia":[{"embeddable":true,"href":"https:\/\/elinformanteperu.com\/index.php\/wp-json\/wp\/v2\/media\/101082"}],"wp:attachment":[{"href":"https:\/\/elinformanteperu.com\/index.php\/wp-json\/wp\/v2\/media?parent=101081"}],"wp:term":[{"taxonomy":"category","embeddable":true,"href":"https:\/\/elinformanteperu.com\/index.php\/wp-json\/wp\/v2\/categories?post=101081"},{"taxonomy":"post_tag","embeddable":true,"href":"https:\/\/elinformanteperu.com\/index.php\/wp-json\/wp\/v2\/tags?post=101081"}],"curies":[{"name":"wp","href":"https:\/\/api.w.org\/{rel}","templated":true}]}}