{"id":100847,"date":"2021-06-22T01:21:32","date_gmt":"2021-06-22T06:21:32","guid":{"rendered":"https:\/\/elinformanteperu.com\/?p=100847"},"modified":"2021-06-22T01:21:32","modified_gmt":"2021-06-22T06:21:32","slug":"keiko-fujimori-seguira-con-comparecencia-con-restricciones","status":"publish","type":"post","link":"https:\/\/elinformanteperu.com\/index.php\/2021\/06\/22\/keiko-fujimori-seguira-con-comparecencia-con-restricciones\/","title":{"rendered":"Keiko Fujimori seguir\u00e1 con comparecencia con restricciones"},"content":{"rendered":"<p><strong><span style=\"color: #000000;\">Juez declara infundado pedido para que se le de prisi\u00f3n preventiva nuevamente<\/span><\/strong><\/p>\n<p><span style=\"color: #000000;\"><strong>Lima, 21 Junio 2021, (ANDINA).-<\/strong> El juez V\u00edctor Zu\u00f1iga declar\u00f3 infundado el pedido de la fiscal\u00eda para que la lideresa de Fuerza Popular, Keiko Fujimori, vuelva a ser sometida a detenci\u00f3n preventiva.<\/span><\/p>\n<p><span style=\"color: #000000;\">Tras escuchar el pedido hecho al respecto por el fiscal Jos\u00e9 Domingo P\u00e9rez, y los alegatos de la abogada de Fujimori, Giulliana Loza, y de la misma imputada, el magistrado dio a conocer su pronunciamiento, que tambi\u00e9n incluye un requerimiento para que la candidata presidencial cumpla con las medidas restrictivas que se le han aplicado.<\/span><\/p>\n<p><span style=\"color: #000000;\">\u201cDe no hacerlo, se dictar\u00e1 nuevamente prisi\u00f3n preventiva en su contra, previo requerimiento del Ministerio P\u00fablico\u201d, se\u00f1al\u00f3 Zu\u00f1iga, quien al sustentar su decisi\u00f3n, refiri\u00f3 que se han dado casos de acercamiento entre Fujimori y personas que son testigos en el caso judicial en el que se le procesa; situaci\u00f3n que tiene prohibida.<\/span><\/p>\n<p><span style=\"color: #000000;\">El magistrado se\u00f1al\u00f3 que \u201csi ten\u00eda conocimiento de que estas personas eran testigos, no deb\u00eda haberse comunicado\u201d con ellas. De all\u00ed la necesidad de incluir en la resoluci\u00f3n un requerimiento al respecto, explic\u00f3.<\/span><\/p>\n<p><span style=\"color: #000000;\">Tras la lectura de la resoluci\u00f3n, el fiscal P\u00e9rez se\u00f1al\u00f3 que apelar\u00e1 la resoluci\u00f3n judicial, para que se revoque la comparecencia con restricciones que se aplica a Fujimori y se le reponga la medida de detenci\u00f3n preventiva.<\/span><\/p>\n<p><span style=\"color: #000000;\">La abogada Loza dijo, por su parte, que estaba de acuerdo con lo resuelto, excepto en el punto en el que se hace el requerimiento a su defendida de no infringir las medidas que est\u00e1 obligada a respetar. Indic\u00f3 que apelar\u00e1 dicho alcance de la resoluci\u00f3n.<\/span><\/p>\n<p><span style=\"color: #000000;\">Tras retirarse de la sede de los juzgados especiales, en el centro de Lima, Fujimori se dirigi\u00f3 a un grupo de seguidores suyos que se encontraba afuera de ese inmueble, indic\u00e1ndoles que continuar\u00e1 insistiendo en la revisi\u00f3n de las actas electorales de la segunda vuelta.<\/span><\/p>\n","protected":false},"excerpt":{"rendered":"<p>Juez declara infundado pedido para que se le de prisi\u00f3n preventiva nuevamente Lima, 21 Junio 2021, (ANDINA).- El juez V\u00edctor Zu\u00f1iga declar\u00f3 infundado el pedido de la fiscal\u00eda para que la lideresa de Fuerza Popular, Keiko Fujimori, vuelva a ser sometida a detenci\u00f3n preventiva. Tras escuchar el pedido hecho al respecto por el fiscal Jos\u00e9 [&hellip;]<\/p>\n","protected":false},"author":1,"featured_media":100848,"comment_status":"closed","ping_status":"closed","sticky":false,"template":"","format":"standard","meta":{"rop_custom_images_group":[],"rop_custom_messages_group":[],"rop_publish_now":"initial","rop_publish_now_accounts":[],"rop_publish_now_history":[],"rop_publish_now_status":"pending","footnotes":""},"categories":[5,5745],"tags":[295,3716,2568,557,163],"class_list":["post-100847","post","type-post","status-publish","format-standard","has-post-thumbnail","hentry","category-actualidad-informativa","category-lo-ultimo","tag-fuerza-popular","tag-giulliana-loza","tag-jose-domingo-perez","tag-keiko-fujimori","tag-poder-judicial"],"_links":{"self":[{"href":"https:\/\/elinformanteperu.com\/index.php\/wp-json\/wp\/v2\/posts\/100847","targetHints":{"allow":["GET"]}}],"collection":[{"href":"https:\/\/elinformanteperu.com\/index.php\/wp-json\/wp\/v2\/posts"}],"about":[{"href":"https:\/\/elinformanteperu.com\/index.php\/wp-json\/wp\/v2\/types\/post"}],"author":[{"embeddable":true,"href":"https:\/\/elinformanteperu.com\/index.php\/wp-json\/wp\/v2\/users\/1"}],"replies":[{"embeddable":true,"href":"https:\/\/elinformanteperu.com\/index.php\/wp-json\/wp\/v2\/comments?post=100847"}],"version-history":[{"count":1,"href":"https:\/\/elinformanteperu.com\/index.php\/wp-json\/wp\/v2\/posts\/100847\/revisions"}],"predecessor-version":[{"id":100849,"href":"https:\/\/elinformanteperu.com\/index.php\/wp-json\/wp\/v2\/posts\/100847\/revisions\/100849"}],"wp:featuredmedia":[{"embeddable":true,"href":"https:\/\/elinformanteperu.com\/index.php\/wp-json\/wp\/v2\/media\/100848"}],"wp:attachment":[{"href":"https:\/\/elinformanteperu.com\/index.php\/wp-json\/wp\/v2\/media?parent=100847"}],"wp:term":[{"taxonomy":"category","embeddable":true,"href":"https:\/\/elinformanteperu.com\/index.php\/wp-json\/wp\/v2\/categories?post=100847"},{"taxonomy":"post_tag","embeddable":true,"href":"https:\/\/elinformanteperu.com\/index.php\/wp-json\/wp\/v2\/tags?post=100847"}],"curies":[{"name":"wp","href":"https:\/\/api.w.org\/{rel}","templated":true}]}}