{"id":100845,"date":"2021-06-22T01:17:23","date_gmt":"2021-06-22T06:17:23","guid":{"rendered":"https:\/\/elinformanteperu.com\/?p=100845"},"modified":"2021-06-22T01:17:23","modified_gmt":"2021-06-22T06:17:23","slug":"se-debe-respetar-el-plazo-para-presentar-pedidos-de-nulidad-sostiene-walter-alban","status":"publish","type":"post","link":"https:\/\/elinformanteperu.com\/index.php\/2021\/06\/22\/se-debe-respetar-el-plazo-para-presentar-pedidos-de-nulidad-sostiene-walter-alban\/","title":{"rendered":"Se debe respetar el plazo para presentar pedidos de nulidad, sostiene Walter Alb\u00e1n"},"content":{"rendered":"<p><span style=\"color: #000000;\"><strong>Lima, 21 Junio 2021, (ANDINA).-<\/strong> El exdefensor del Pueblo, Walter Alb\u00e1n, manifest\u00f3 que el plazo establecido por ley para presentar los pedidos de nulidad de actas durante las elecciones se debe respetar sin cuestionamientos.<\/span><\/p>\n<p><span style=\"color: #000000;\">\u201cHay que respetar los plazos, si uno no llega en el tiempo no puede alegar nada. Ser\u00eda realmente insostenible que las autoridades electorales ampl\u00eden el plazo que estaba establecido desde por lo menos octubre del 2020\u201d, indic\u00f3 a RPP.<\/span><\/p>\n<p><span style=\"color: #000000;\">Asimismo, expres\u00f3 que el proceso electoral no puede dilatarse m\u00e1s para que el nuevo presidente de la Rep\u00fablica, el cual ser\u00e1 proclamado por el Jurado Nacional de Elecciones (JNE), asuma sus funciones el 28 de julio.<\/span><\/p>\n<p><span style=\"color: #000000;\">En ese sentido, Alb\u00e1n remarc\u00f3 que las autoridades electorales deben continuar con el trabajo que han venido desarrollando durante el presente proceso electoral y \u201cno apartarse de lo que la Constituci\u00f3n, la ley y toda la normatividad electoral consagra\u201d.<\/span><\/p>\n<p><span style=\"color: #000000;\">Por otro lado, sostuvo que todos los peruanos deben mostrarse abiertos al di\u00e1logo, y que el pr\u00f3ximo gobierno debe atender los pedidos de la poblaci\u00f3n.<\/span><\/p>\n<p><span style=\"color: #000000;\">\u201cTodos queremos superar la pandemia, que la econom\u00eda se pueda recuperar y que puedan producirse cambios que est\u00e1n siendo reclamados desde hace mucho tiempo\u201d, destac\u00f3.<\/span><\/p>\n<p><span style=\"color: #000000;\">Por \u00faltimo, Walter Alb\u00e1n mencion\u00f3 que se ha publicado un comunicado en rechazo a las acusaciones de fraude electoral, el cual cuenta con m\u00e1s de 21 mil firmas; y exhort\u00f3 a la ciudadan\u00eda y organizaciones pol\u00edticas a respetar los resultados de la segunda vuelta electoral.<\/span><\/p>\n<p><span style=\"color: #000000;\">\u201cEl 80% del pa\u00eds est\u00e1 apuntando a que se puedan producir cambios, pero dentro de un marco de responsabilidad y afirmando la institucionalidad democr\u00e1tica\u201d, agreg\u00f3.<\/span><\/p>\n","protected":false},"excerpt":{"rendered":"<p>Lima, 21 Junio 2021, (ANDINA).- El exdefensor del Pueblo, Walter Alb\u00e1n, manifest\u00f3 que el plazo establecido por ley para presentar los pedidos de nulidad de actas durante las elecciones se debe respetar sin cuestionamientos. \u201cHay que respetar los plazos, si uno no llega en el tiempo no puede alegar nada. Ser\u00eda realmente insostenible que las [&hellip;]<\/p>\n","protected":false},"author":1,"featured_media":8553,"comment_status":"closed","ping_status":"closed","sticky":false,"template":"","format":"standard","meta":{"rop_custom_images_group":[],"rop_custom_messages_group":[],"rop_publish_now":"initial","rop_publish_now_accounts":[],"rop_publish_now_history":[],"rop_publish_now_status":"pending","footnotes":""},"categories":[5],"tags":[1205],"class_list":["post-100845","post","type-post","status-publish","format-standard","has-post-thumbnail","hentry","category-actualidad-informativa","tag-walter-alban"],"_links":{"self":[{"href":"https:\/\/elinformanteperu.com\/index.php\/wp-json\/wp\/v2\/posts\/100845","targetHints":{"allow":["GET"]}}],"collection":[{"href":"https:\/\/elinformanteperu.com\/index.php\/wp-json\/wp\/v2\/posts"}],"about":[{"href":"https:\/\/elinformanteperu.com\/index.php\/wp-json\/wp\/v2\/types\/post"}],"author":[{"embeddable":true,"href":"https:\/\/elinformanteperu.com\/index.php\/wp-json\/wp\/v2\/users\/1"}],"replies":[{"embeddable":true,"href":"https:\/\/elinformanteperu.com\/index.php\/wp-json\/wp\/v2\/comments?post=100845"}],"version-history":[{"count":1,"href":"https:\/\/elinformanteperu.com\/index.php\/wp-json\/wp\/v2\/posts\/100845\/revisions"}],"predecessor-version":[{"id":100846,"href":"https:\/\/elinformanteperu.com\/index.php\/wp-json\/wp\/v2\/posts\/100845\/revisions\/100846"}],"wp:featuredmedia":[{"embeddable":true,"href":"https:\/\/elinformanteperu.com\/index.php\/wp-json\/wp\/v2\/media\/8553"}],"wp:attachment":[{"href":"https:\/\/elinformanteperu.com\/index.php\/wp-json\/wp\/v2\/media?parent=100845"}],"wp:term":[{"taxonomy":"category","embeddable":true,"href":"https:\/\/elinformanteperu.com\/index.php\/wp-json\/wp\/v2\/categories?post=100845"},{"taxonomy":"post_tag","embeddable":true,"href":"https:\/\/elinformanteperu.com\/index.php\/wp-json\/wp\/v2\/tags?post=100845"}],"curies":[{"name":"wp","href":"https:\/\/api.w.org\/{rel}","templated":true}]}}