{"id":100797,"date":"2021-06-21T00:10:38","date_gmt":"2021-06-21T05:10:38","guid":{"rendered":"https:\/\/elinformanteperu.com\/?p=100797"},"modified":"2021-06-21T00:10:38","modified_gmt":"2021-06-21T05:10:38","slug":"gareca-tras-triunfo-ante-colombia-peru-reacciona-ante-las-situaciones-adversas","status":"publish","type":"post","link":"https:\/\/elinformanteperu.com\/index.php\/2021\/06\/21\/gareca-tras-triunfo-ante-colombia-peru-reacciona-ante-las-situaciones-adversas\/","title":{"rendered":"Gareca tras triunfo ante Colombia: Per\u00fa reacciona ante las situaciones adversas"},"content":{"rendered":"<p><span style=\"color: #000000;\"><strong>Goaina, 20 Junio 2021, (ANDINA).-<\/strong> Per\u00fa volvi\u00f3 a demostrar que es un equipo que reacciona ante situaciones adversas, tras vencer a Colombia 2-1 a d\u00edas de caer por goleada ante Brasil, celebr\u00f3 este domingo el entrenador incaico, Ricardo Gareca.<\/span><\/p>\n<p><span style=\"color: #000000;\">El entrenador argentino, estandarte del renacer de un Per\u00fa que bajo su batuta clasific\u00f3 a Rusia-2018 y perdi\u00f3 en la final ante Brasil en la pasada Copa Am\u00e9rica, felicit\u00f3 a sus jugadores por la entereza que mostraron para vencer a un \u00abduro\u00bb rival.<\/span><\/p>\n<p><span style=\"color: #000000;\">\u00abEs un equipo que reacciona ante situaciones adversas y eso nos da una determinada tranquilidad, futbol\u00edsticamente mejoramos en algunas cosas, tenemos que seguir mejorando pero quiero felicitarlos\u00bb, a los futbolistas, dijo el entrenador.<\/span><\/p>\n<p><span style=\"color: #000000;\">El triunfo tiene un valor especial \u00abm\u00e1s cuando uno viene de una derrota que doli\u00f3\u00bb, pero \u00abes necesario tener m\u00e1s profundidad\u00bb, de cara a lo que sigue en la Copa.<\/span><\/p>\n<p><span style=\"color: #000000;\">Sacando a Brasil, que ya asegur\u00f3 pasaje a cuartos, con dos triunfos en igual n\u00famero de partidos, \u00abtodos estamos en carrera\u00bb por avanzar a la siguiente fase del torneo, asever\u00f3.<\/span><\/p>\n<p><span style=\"color: #000000;\">Colombia suma cuatro puntos, Per\u00fa tres, Venezuela dos unidades, tras empatar 2-2 este domingo ante un Ecuador que cierra con uno.<\/span><\/p>\n<p><img fetchpriority=\"high\" decoding=\"async\" class=\"aligncenter size-full wp-image-100799\" src=\"https:\/\/elinformanteperu.com\/wp-content\/uploads\/2021\/06\/peru-colombia-2.jpg\" alt=\"\" width=\"498\" height=\"330\" srcset=\"https:\/\/elinformanteperu.com\/wp-content\/uploads\/2021\/06\/peru-colombia-2.jpg 498w, https:\/\/elinformanteperu.com\/wp-content\/uploads\/2021\/06\/peru-colombia-2-300x199.jpg 300w\" sizes=\"(max-width: 498px) 100vw, 498px\" \/><\/p>\n","protected":false},"excerpt":{"rendered":"<p>Goaina, 20 Junio 2021, (ANDINA).- Per\u00fa volvi\u00f3 a demostrar que es un equipo que reacciona ante situaciones adversas, tras vencer a Colombia 2-1 a d\u00edas de caer por goleada ante Brasil, celebr\u00f3 este domingo el entrenador incaico, Ricardo Gareca. El entrenador argentino, estandarte del renacer de un Per\u00fa que bajo su batuta clasific\u00f3 a Rusia-2018 [&hellip;]<\/p>\n","protected":false},"author":1,"featured_media":100798,"comment_status":"closed","ping_status":"closed","sticky":false,"template":"","format":"standard","meta":{"rop_custom_images_group":[],"rop_custom_messages_group":[],"rop_publish_now":"initial","rop_publish_now_accounts":[],"rop_publish_now_history":[],"rop_publish_now_status":"pending","footnotes":""},"categories":[8],"tags":[6044,6558,92],"class_list":["post-100797","post","type-post","status-publish","format-standard","has-post-thumbnail","hentry","category-disciplinas-deportivas","tag-copa-america-2021","tag-peru-colombia","tag-ricardo-gareca"],"_links":{"self":[{"href":"https:\/\/elinformanteperu.com\/index.php\/wp-json\/wp\/v2\/posts\/100797","targetHints":{"allow":["GET"]}}],"collection":[{"href":"https:\/\/elinformanteperu.com\/index.php\/wp-json\/wp\/v2\/posts"}],"about":[{"href":"https:\/\/elinformanteperu.com\/index.php\/wp-json\/wp\/v2\/types\/post"}],"author":[{"embeddable":true,"href":"https:\/\/elinformanteperu.com\/index.php\/wp-json\/wp\/v2\/users\/1"}],"replies":[{"embeddable":true,"href":"https:\/\/elinformanteperu.com\/index.php\/wp-json\/wp\/v2\/comments?post=100797"}],"version-history":[{"count":1,"href":"https:\/\/elinformanteperu.com\/index.php\/wp-json\/wp\/v2\/posts\/100797\/revisions"}],"predecessor-version":[{"id":100800,"href":"https:\/\/elinformanteperu.com\/index.php\/wp-json\/wp\/v2\/posts\/100797\/revisions\/100800"}],"wp:featuredmedia":[{"embeddable":true,"href":"https:\/\/elinformanteperu.com\/index.php\/wp-json\/wp\/v2\/media\/100798"}],"wp:attachment":[{"href":"https:\/\/elinformanteperu.com\/index.php\/wp-json\/wp\/v2\/media?parent=100797"}],"wp:term":[{"taxonomy":"category","embeddable":true,"href":"https:\/\/elinformanteperu.com\/index.php\/wp-json\/wp\/v2\/categories?post=100797"},{"taxonomy":"post_tag","embeddable":true,"href":"https:\/\/elinformanteperu.com\/index.php\/wp-json\/wp\/v2\/tags?post=100797"}],"curies":[{"name":"wp","href":"https:\/\/api.w.org\/{rel}","templated":true}]}}