{"id":100788,"date":"2021-06-20T23:48:47","date_gmt":"2021-06-21T04:48:47","guid":{"rendered":"https:\/\/elinformanteperu.com\/?p=100788"},"modified":"2021-06-20T23:54:21","modified_gmt":"2021-06-21T04:54:21","slug":"defensa-de-keiko-fujimori-solicita-que-audiencia-sobre-prision-preventiva-sea-presencial","status":"publish","type":"post","link":"https:\/\/elinformanteperu.com\/index.php\/2021\/06\/20\/defensa-de-keiko-fujimori-solicita-que-audiencia-sobre-prision-preventiva-sea-presencial\/","title":{"rendered":"Defensa de Keiko Fujimori solicita que audiencia sobre prisi\u00f3n preventiva sea presencial"},"content":{"rendered":"<p><strong><span style=\"color: #000000;\">Juzgado analizar\u00e1 ma\u00f1ana pedido de fiscal\u00eda<\/span><\/strong><\/p>\n<p><span style=\"color: #000000;\"><strong>Lima, 20 Junio 2021, (ANDINA).-<\/strong> La abogada de Keiko Fujimori, Giulliana Loza, inform\u00f3 que ha solicitado al Poder Judicial que la audiencia en donde se debatir\u00e1 el pedido de prisi\u00f3n preventiva contra la candidata de Fuerza Popular se lleve a cabo de manera presencial.<\/span><\/p>\n<p><span style=\"color: #000000;\">\u201cEn concordancia con el art. 139, inciso 14 de la Constituci\u00f3n Pol\u00edtica del Estado, as\u00ed como el principio de inmediaci\u00f3n, solicitamos que se autorice de manera excepcional a participar en la audiencia convocada de manera presencial\u201d, indic\u00f3.<\/span><\/p>\n<p><span style=\"color: #000000;\">De esta manera se garantizar\u00e1 \u201cel ejercicio pleno y eficaz de la defensa\u201d, consider\u00f3 Loza.<\/span><\/p>\n<p><span style=\"color: #000000;\">Asimismo, precis\u00f3 que en la audiencia no participar\u00e1n muchas personas de manera presencial; por lo que se seguir\u00e1n cumpliendo los protocolos de bioseguridad establecidos.<\/span><\/p>\n<p><span style=\"color: #000000;\">El fiscal Jos\u00e9 Domingo P\u00e9rez asegur\u00f3 que Keiko Fujimori infringi\u00f3 las normas de conducta impuestas por la sala que orden\u00f3 su excarcelaci\u00f3n al reunirse con Miguel Torres, quien es un testigo del caso.<\/span><\/p>\n<p><span style=\"color: #000000;\">Por ese motivo, pidi\u00f3 revocar la comparecencia con restricciones de Keiko Fujimori por prisi\u00f3n preventiva. La audiencia que resolver\u00e1 esta solicitud se realizar\u00e1 el lunes 21 a las 15:00 horas.<\/span><\/p>\n<blockquote class=\"twitter-tweet\">\n<p dir=\"ltr\" lang=\"es\">Hemos solicitado al Poder Judicial que la audiencia donde se debatir\u00e1 el nuevo pedido de prision preventiva contra Keiko sea presencial para defendernos de un pedido arbitrario. <a href=\"https:\/\/t.co\/aHXgUy8hPT\">pic.twitter.com\/aHXgUy8hPT<\/a><\/p>\n<p>\u2014 Giulliana Loza (@GiullianaLoza) <a href=\"https:\/\/twitter.com\/GiullianaLoza\/status\/1406687403566379020?ref_src=twsrc%5Etfw\">June 20, 2021<\/a><\/p><\/blockquote>\n<p><script async src=\"https:\/\/platform.twitter.com\/widgets.js\" charset=\"utf-8\"><\/script><\/p>\n","protected":false},"excerpt":{"rendered":"<p>Juzgado analizar\u00e1 ma\u00f1ana pedido de fiscal\u00eda Lima, 20 Junio 2021, (ANDINA).- La abogada de Keiko Fujimori, Giulliana Loza, inform\u00f3 que ha solicitado al Poder Judicial que la audiencia en donde se debatir\u00e1 el pedido de prisi\u00f3n preventiva contra la candidata de Fuerza Popular se lleve a cabo de manera presencial. \u201cEn concordancia con el art. [&hellip;]<\/p>\n","protected":false},"author":1,"featured_media":99080,"comment_status":"closed","ping_status":"closed","sticky":false,"template":"","format":"standard","meta":{"rop_custom_images_group":[],"rop_custom_messages_group":[],"rop_publish_now":"initial","rop_publish_now_accounts":[],"rop_publish_now_history":[],"rop_publish_now_status":"pending","footnotes":""},"categories":[5,5745],"tags":[6466,295,557,163],"class_list":["post-100788","post","type-post","status-publish","format-standard","has-post-thumbnail","hentry","category-actualidad-informativa","category-lo-ultimo","tag-elecciones-segunda-vuelta-2021","tag-fuerza-popular","tag-keiko-fujimori","tag-poder-judicial"],"_links":{"self":[{"href":"https:\/\/elinformanteperu.com\/index.php\/wp-json\/wp\/v2\/posts\/100788","targetHints":{"allow":["GET"]}}],"collection":[{"href":"https:\/\/elinformanteperu.com\/index.php\/wp-json\/wp\/v2\/posts"}],"about":[{"href":"https:\/\/elinformanteperu.com\/index.php\/wp-json\/wp\/v2\/types\/post"}],"author":[{"embeddable":true,"href":"https:\/\/elinformanteperu.com\/index.php\/wp-json\/wp\/v2\/users\/1"}],"replies":[{"embeddable":true,"href":"https:\/\/elinformanteperu.com\/index.php\/wp-json\/wp\/v2\/comments?post=100788"}],"version-history":[{"count":1,"href":"https:\/\/elinformanteperu.com\/index.php\/wp-json\/wp\/v2\/posts\/100788\/revisions"}],"predecessor-version":[{"id":100789,"href":"https:\/\/elinformanteperu.com\/index.php\/wp-json\/wp\/v2\/posts\/100788\/revisions\/100789"}],"wp:featuredmedia":[{"embeddable":true,"href":"https:\/\/elinformanteperu.com\/index.php\/wp-json\/wp\/v2\/media\/99080"}],"wp:attachment":[{"href":"https:\/\/elinformanteperu.com\/index.php\/wp-json\/wp\/v2\/media?parent=100788"}],"wp:term":[{"taxonomy":"category","embeddable":true,"href":"https:\/\/elinformanteperu.com\/index.php\/wp-json\/wp\/v2\/categories?post=100788"},{"taxonomy":"post_tag","embeddable":true,"href":"https:\/\/elinformanteperu.com\/index.php\/wp-json\/wp\/v2\/tags?post=100788"}],"curies":[{"name":"wp","href":"https:\/\/api.w.org\/{rel}","templated":true}]}}