{"id":100785,"date":"2021-06-20T23:46:24","date_gmt":"2021-06-21T04:46:24","guid":{"rendered":"https:\/\/elinformanteperu.com\/?p=100785"},"modified":"2021-06-21T00:12:54","modified_gmt":"2021-06-21T05:12:54","slug":"pedro-castillo-unidos-lograremos-un-peru-libre-de-desigualdad-e-injusticias","status":"publish","type":"post","link":"https:\/\/elinformanteperu.com\/index.php\/2021\/06\/20\/pedro-castillo-unidos-lograremos-un-peru-libre-de-desigualdad-e-injusticias\/","title":{"rendered":"Pedro Castillo: \u201cUnidos lograremos un Per\u00fa libre de desigualdad e injusticias\u201d"},"content":{"rendered":"<p><strong><span style=\"color: #000000;\">El candidato presidencial envi\u00f3 un saludo por el D\u00eda del Padre<\/span><\/strong><\/p>\n<p><span style=\"color: #000000;\"><strong>Lima, 20 Junio 2021, (ANDINA).-<\/strong> El candidato presidencial de Per\u00fa Libre, Pedro Castillo, envi\u00f3 un saludo a los padres del pa\u00eds, por su d\u00eda, y se\u00f1al\u00f3 que unidos podremos lograr un pa\u00eds sin desigualdad e injusticias.<\/span><\/p>\n<p><span style=\"color: #000000;\">Mediante sus redes sociales, Castillo hizo llegar su reconocimiento a los pap\u00e1s peruanos y del mundo por ser gu\u00eda y ejemplo.<\/span><\/p>\n<p><span style=\"color: #000000;\">\u201cEn este tan d\u00eda especial, hago llegar mi saludo y reconocimiento a todos los padres del Per\u00fa y del mundo por ser gu\u00eda y ejemplo. A todos los padres que luchan y trabajan arduamente por su familia y el pa\u00eds\u201d, manifest\u00f3 en su cuenta de Facebook.<\/span><\/p>\n<p><span style=\"color: #000000;\">Asimismo, les expres\u00f3 su admiraci\u00f3n por dejar sus hogares para defender el voto del pueblo, participando en manifestaciones ciudadanas.<\/span><\/p>\n<p><span style=\"color: #000000;\">\u00abSaludamos y expresamos nuestra admiraci\u00f3n en su d\u00eda a los padres de todas las regiones del pa\u00eds que dejaron sus hogares para defender el voto del pueblo. Ya van 14 d\u00edas de lucha en las calles\u201d, a\u00f1adi\u00f3.<\/span><\/p>\n<p><span style=\"color: #000000;\">Dijo que llegar\u00e1n nuevos tiempos \u201cy unidos lograremos un Per\u00fa Libre de desigualdad e injusticias, un Per\u00fa Libre de verdad\u201d, anot\u00f3.<\/span><\/p>\n","protected":false},"excerpt":{"rendered":"<p>El candidato presidencial envi\u00f3 un saludo por el D\u00eda del Padre Lima, 20 Junio 2021, (ANDINA).- El candidato presidencial de Per\u00fa Libre, Pedro Castillo, envi\u00f3 un saludo a los padres del pa\u00eds, por su d\u00eda, y se\u00f1al\u00f3 que unidos podremos lograr un pa\u00eds sin desigualdad e injusticias. Mediante sus redes sociales, Castillo hizo llegar su [&hellip;]<\/p>\n","protected":false},"author":1,"featured_media":100786,"comment_status":"closed","ping_status":"closed","sticky":false,"template":"","format":"standard","meta":{"rop_custom_images_group":[],"rop_custom_messages_group":[],"rop_publish_now":"initial","rop_publish_now_accounts":[],"rop_publish_now_history":[],"rop_publish_now_status":"pending","footnotes":""},"categories":[5],"tags":[6586,2092,5006],"class_list":["post-100785","post","type-post","status-publish","format-standard","has-post-thumbnail","hentry","category-actualidad-informativa","tag-dia-del-padre","tag-pedro-castillo","tag-peru-libre"],"_links":{"self":[{"href":"https:\/\/elinformanteperu.com\/index.php\/wp-json\/wp\/v2\/posts\/100785","targetHints":{"allow":["GET"]}}],"collection":[{"href":"https:\/\/elinformanteperu.com\/index.php\/wp-json\/wp\/v2\/posts"}],"about":[{"href":"https:\/\/elinformanteperu.com\/index.php\/wp-json\/wp\/v2\/types\/post"}],"author":[{"embeddable":true,"href":"https:\/\/elinformanteperu.com\/index.php\/wp-json\/wp\/v2\/users\/1"}],"replies":[{"embeddable":true,"href":"https:\/\/elinformanteperu.com\/index.php\/wp-json\/wp\/v2\/comments?post=100785"}],"version-history":[{"count":1,"href":"https:\/\/elinformanteperu.com\/index.php\/wp-json\/wp\/v2\/posts\/100785\/revisions"}],"predecessor-version":[{"id":100787,"href":"https:\/\/elinformanteperu.com\/index.php\/wp-json\/wp\/v2\/posts\/100785\/revisions\/100787"}],"wp:featuredmedia":[{"embeddable":true,"href":"https:\/\/elinformanteperu.com\/index.php\/wp-json\/wp\/v2\/media\/100786"}],"wp:attachment":[{"href":"https:\/\/elinformanteperu.com\/index.php\/wp-json\/wp\/v2\/media?parent=100785"}],"wp:term":[{"taxonomy":"category","embeddable":true,"href":"https:\/\/elinformanteperu.com\/index.php\/wp-json\/wp\/v2\/categories?post=100785"},{"taxonomy":"post_tag","embeddable":true,"href":"https:\/\/elinformanteperu.com\/index.php\/wp-json\/wp\/v2\/tags?post=100785"}],"curies":[{"name":"wp","href":"https:\/\/api.w.org\/{rel}","templated":true}]}}