{"id":100704,"date":"2021-06-19T02:34:00","date_gmt":"2021-06-19T07:34:00","guid":{"rendered":"https:\/\/elinformanteperu.com\/?p=100704"},"modified":"2021-06-19T02:34:00","modified_gmt":"2021-06-19T07:34:00","slug":"congreso-el-30-de-junio-veran-mocion-de-censura-contra-mesa-directiva","status":"publish","type":"post","link":"https:\/\/elinformanteperu.com\/index.php\/2021\/06\/19\/congreso-el-30-de-junio-veran-mocion-de-censura-contra-mesa-directiva\/","title":{"rendered":"Congreso: el 30 de junio ver\u00e1n moci\u00f3n de censura contra Mesa Directiva"},"content":{"rendered":"<p><span style=\"color: #000000;\"><strong>Lima, 18 Junio 2021, (ANDINA).-<\/strong> La moci\u00f3n de censura presentada contra la Mesa Directiva del Congreso se ver\u00e1 el 30 de junio, inform\u00f3 la presidenta del Parlamento, Mirtha V\u00e1squez.<\/span><\/p>\n<p><span style=\"color: #000000;\">Durante la sesi\u00f3n plenaria de esta tarde indic\u00f3 que se verific\u00f3 la presentaci\u00f3n de dicho pedido y se tiene la mejor disposici\u00f3n de que la moci\u00f3n sea votada como corresponde, en el pleno del Congreso.<\/span><\/p>\n<p><span style=\"color: #000000;\">\u00abPor esas razones y conforme establece el reglamento, vamos a dar cuenta de esta moci\u00f3n de censura como primer punto en la sesi\u00f3n siguiente que es el 30 de junio\u00bb, detall\u00f3 V\u00e1squez.<\/span><\/p>\n<p><span style=\"color: #000000;\">Luego de ello levant\u00f3 la sesi\u00f3n plenaria.<\/span><\/p>\n<p><span style=\"color: #000000;\">A menos de un mes para concluir la legislatura, una moci\u00f3n de censura fue presentada esta tarde contra la Mesa Directiva del Congreso de la Rep\u00fablica.<\/span><\/p>\n<p><span style=\"color: #000000;\">El documento fue firmado por Carlos Mes\u00eda (Fuerza Popular), Kenyon Durand (Acci\u00f3n Popular) y C\u00e9sar Gonzales (Descentralizaci\u00f3n Democr\u00e1tica).<\/span><\/p>\n<p><span style=\"color: #000000;\">Sobre el tema, el legislador del Partido Morado Gino Costa consider\u00f3 que se trata de una moci\u00f3n \u00absin fundamento alguno\u00bb; por su parte, la parlamentaria del Frente Amplio Roc\u00edo Silva Santisteban dijo esperar que impere la sensatez y se evite as\u00ed mayor desestabilidad.<\/span><\/p>\n<p><span style=\"color: #000000;\">El pleno del 30 de junio ser\u00e1 a partir de las 09:00 horas.<\/span><\/p>\n<p><span style=\"color: #000000;\">Diethell Columbus, vocero de la bancada de Fuerza Popular, refiri\u00f3 que la moci\u00f3n no obedece a un acuerdo de su grupo pol\u00edtico, sino a una decisi\u00f3n individual de Carlos Mes\u00eda, y pidi\u00f3 a sus colegas \u00abvotar con la cabeza fr\u00eda y pensando en lo mejor para el pa\u00eds\u00bb.<\/span><\/p>\n<p><span style=\"color: #000000;\">A su vez, el presidente de Acci\u00f3n Popular, Mes\u00edas Guevara, sostuvo que el documento no expresa la voluntad ni el sentir de Acci\u00f3n Popular por ser una decisi\u00f3n personal del legislador Durand, \u00abcon esp\u00edritu antidemocr\u00e1tico e irresponsable, que atenta contra la gobernabilidad y por estar en plena pandemia\u00bb.<\/span><\/p>\n","protected":false},"excerpt":{"rendered":"<p>Lima, 18 Junio 2021, (ANDINA).- La moci\u00f3n de censura presentada contra la Mesa Directiva del Congreso se ver\u00e1 el 30 de junio, inform\u00f3 la presidenta del Parlamento, Mirtha V\u00e1squez. Durante la sesi\u00f3n plenaria de esta tarde indic\u00f3 que se verific\u00f3 la presentaci\u00f3n de dicho pedido y se tiene la mejor disposici\u00f3n de que la moci\u00f3n [&hellip;]<\/p>\n","protected":false},"author":1,"featured_media":100705,"comment_status":"closed","ping_status":"closed","sticky":false,"template":"","format":"standard","meta":{"rop_custom_images_group":[],"rop_custom_messages_group":[],"rop_publish_now":"initial","rop_publish_now_accounts":[],"rop_publish_now_history":[],"rop_publish_now_status":"pending","footnotes":""},"categories":[5],"tags":[192,6041],"class_list":["post-100704","post","type-post","status-publish","format-standard","has-post-thumbnail","hentry","category-actualidad-informativa","tag-congreso","tag-mirtha-vasquez"],"_links":{"self":[{"href":"https:\/\/elinformanteperu.com\/index.php\/wp-json\/wp\/v2\/posts\/100704","targetHints":{"allow":["GET"]}}],"collection":[{"href":"https:\/\/elinformanteperu.com\/index.php\/wp-json\/wp\/v2\/posts"}],"about":[{"href":"https:\/\/elinformanteperu.com\/index.php\/wp-json\/wp\/v2\/types\/post"}],"author":[{"embeddable":true,"href":"https:\/\/elinformanteperu.com\/index.php\/wp-json\/wp\/v2\/users\/1"}],"replies":[{"embeddable":true,"href":"https:\/\/elinformanteperu.com\/index.php\/wp-json\/wp\/v2\/comments?post=100704"}],"version-history":[{"count":1,"href":"https:\/\/elinformanteperu.com\/index.php\/wp-json\/wp\/v2\/posts\/100704\/revisions"}],"predecessor-version":[{"id":100706,"href":"https:\/\/elinformanteperu.com\/index.php\/wp-json\/wp\/v2\/posts\/100704\/revisions\/100706"}],"wp:featuredmedia":[{"embeddable":true,"href":"https:\/\/elinformanteperu.com\/index.php\/wp-json\/wp\/v2\/media\/100705"}],"wp:attachment":[{"href":"https:\/\/elinformanteperu.com\/index.php\/wp-json\/wp\/v2\/media?parent=100704"}],"wp:term":[{"taxonomy":"category","embeddable":true,"href":"https:\/\/elinformanteperu.com\/index.php\/wp-json\/wp\/v2\/categories?post=100704"},{"taxonomy":"post_tag","embeddable":true,"href":"https:\/\/elinformanteperu.com\/index.php\/wp-json\/wp\/v2\/tags?post=100704"}],"curies":[{"name":"wp","href":"https:\/\/api.w.org\/{rel}","templated":true}]}}