{"id":100701,"date":"2021-06-19T02:30:56","date_gmt":"2021-06-19T07:30:56","guid":{"rendered":"https:\/\/elinformanteperu.com\/?p=100701"},"modified":"2021-06-19T02:30:56","modified_gmt":"2021-06-19T07:30:56","slug":"gobierno-reitera-llamado-a-la-calma-y-al-respeto-por-la-democracia","status":"publish","type":"post","link":"https:\/\/elinformanteperu.com\/index.php\/2021\/06\/19\/gobierno-reitera-llamado-a-la-calma-y-al-respeto-por-la-democracia\/","title":{"rendered":"Gobierno reitera llamado a la calma y al respeto por la democracia"},"content":{"rendered":"<p><span style=\"color: #000000;\"><strong>Lima, 18 Junio 2021, (ANDINA).-<\/strong> La ministra de Comercio Exterior y Turismo, Claudia Cornejo, reiter\u00f3 el llamado del Gobierno a la calma, y a respetar la democracia y a todas las instituciones.<\/span><\/p>\n<p><span style=\"color: #000000;\">\u00abComo ha manifestado el Presidente de la Rep\u00fablica es inaceptable que un grupo de personas pretenda incitar a que las Fuerzas Armadas quebranten el Estado de derecho\u00bb, se\u00f1al\u00f3 en conferencia de prensa.<\/span><\/p>\n<p><span style=\"color: #000000;\">Cornejo subray\u00f3, en ese sentido, que ante una coyuntura polarizada y compleja, como la que vive el pa\u00eds, resulta importante mantener la calma.<\/span><\/p>\n<p><span style=\"color: #000000;\">\u00abEl proceso electoral est\u00e1 en curso, esperemos con paciencia los resultados oficiales, respetemos a la democracia y a todas nuestras instituciones\u00bb, indic\u00f3.<\/span><\/p>\n<p><span style=\"color: #000000;\">Ante las informaciones de que ma\u00f1ana s\u00e1bado se realizar\u00e1 una movilizaci\u00f3n, la ministra pidi\u00f3 considerar el hecho de que si bien la segunda ola de la pandemia est\u00e1 cediendo, las aglomeraciones son potenciales focos de contagio.<\/span><\/p>\n<p><span style=\"color: #000000;\">Adem\u00e1s, reiter\u00f3 el pedido de no convocar manifestaciones cerca de los puntos de vacunaci\u00f3n contra el covid-19, al remarcar que no se debe afectar el derecho de la gente de vacunarse de manera libre y segura.<\/span><\/p>\n<p><span style=\"color: #000000;\">\u00abLa vacunaci\u00f3n es la mejor herramienta para salir de esta crisis sanitaria que ha cobrado las vidas de tantas personas en el mundo\u00bb, manifest\u00f3.<\/span><\/p>\n","protected":false},"excerpt":{"rendered":"<p>Lima, 18 Junio 2021, (ANDINA).- La ministra de Comercio Exterior y Turismo, Claudia Cornejo, reiter\u00f3 el llamado del Gobierno a la calma, y a respetar la democracia y a todas las instituciones. \u00abComo ha manifestado el Presidente de la Rep\u00fablica es inaceptable que un grupo de personas pretenda incitar a que las Fuerzas Armadas quebranten [&hellip;]<\/p>\n","protected":false},"author":1,"featured_media":100702,"comment_status":"closed","ping_status":"closed","sticky":false,"template":"","format":"standard","meta":{"rop_custom_images_group":[],"rop_custom_messages_group":[],"rop_publish_now":"initial","rop_publish_now_accounts":[],"rop_publish_now_history":[],"rop_publish_now_status":"pending","footnotes":""},"categories":[5],"tags":[6323,325,846],"class_list":["post-100701","post","type-post","status-publish","format-standard","has-post-thumbnail","hentry","category-actualidad-informativa","tag-claudia-cornejo","tag-mincetur","tag-ministerio-de-comercio-exterior-y-turismo"],"_links":{"self":[{"href":"https:\/\/elinformanteperu.com\/index.php\/wp-json\/wp\/v2\/posts\/100701","targetHints":{"allow":["GET"]}}],"collection":[{"href":"https:\/\/elinformanteperu.com\/index.php\/wp-json\/wp\/v2\/posts"}],"about":[{"href":"https:\/\/elinformanteperu.com\/index.php\/wp-json\/wp\/v2\/types\/post"}],"author":[{"embeddable":true,"href":"https:\/\/elinformanteperu.com\/index.php\/wp-json\/wp\/v2\/users\/1"}],"replies":[{"embeddable":true,"href":"https:\/\/elinformanteperu.com\/index.php\/wp-json\/wp\/v2\/comments?post=100701"}],"version-history":[{"count":1,"href":"https:\/\/elinformanteperu.com\/index.php\/wp-json\/wp\/v2\/posts\/100701\/revisions"}],"predecessor-version":[{"id":100703,"href":"https:\/\/elinformanteperu.com\/index.php\/wp-json\/wp\/v2\/posts\/100701\/revisions\/100703"}],"wp:featuredmedia":[{"embeddable":true,"href":"https:\/\/elinformanteperu.com\/index.php\/wp-json\/wp\/v2\/media\/100702"}],"wp:attachment":[{"href":"https:\/\/elinformanteperu.com\/index.php\/wp-json\/wp\/v2\/media?parent=100701"}],"wp:term":[{"taxonomy":"category","embeddable":true,"href":"https:\/\/elinformanteperu.com\/index.php\/wp-json\/wp\/v2\/categories?post=100701"},{"taxonomy":"post_tag","embeddable":true,"href":"https:\/\/elinformanteperu.com\/index.php\/wp-json\/wp\/v2\/tags?post=100701"}],"curies":[{"name":"wp","href":"https:\/\/api.w.org\/{rel}","templated":true}]}}