{"id":100698,"date":"2021-06-19T02:28:27","date_gmt":"2021-06-19T07:28:27","guid":{"rendered":"https:\/\/elinformanteperu.com\/?p=100698"},"modified":"2021-06-19T02:28:27","modified_gmt":"2021-06-19T07:28:27","slug":"mininter-mas-de-3000-policias-refuerzan-seguridad-ante-movilizaciones","status":"publish","type":"post","link":"https:\/\/elinformanteperu.com\/index.php\/2021\/06\/19\/mininter-mas-de-3000-policias-refuerzan-seguridad-ante-movilizaciones\/","title":{"rendered":"Mininter: m\u00e1s de 3,000 polic\u00edas refuerzan seguridad ante movilizaciones"},"content":{"rendered":"<p><strong><span style=\"color: #000000;\">Se desplazan efectivos entrenados en control de multitudes<\/span><\/strong><\/p>\n<p><span style=\"color: #000000;\"><strong>Lima, 18 Junio 2021, (ANDINA).-<\/strong> M\u00e1s de 3,000 efectivos de la Polic\u00eda Nacional del Per\u00fa se mantienen en alerta para brindar seguridad durante las movilizaciones sociales con el fin de asegurar que se desarrollen de forma pac\u00edfica y sin interrumpir el proceso de vacunaci\u00f3n contra el covid-19.<\/span><\/p>\n<p><span style=\"color: #000000;\">El ministro del Interior, Jos\u00e9 Elice, indic\u00f3 que la Polic\u00eda Nacional actuar\u00e1 con mucha prudencia ante este tipo de eventos, considerando que la pandemia a\u00fan no ha cesado y es necesario asegurar que el proceso de vacunaci\u00f3n contin\u00fae.<\/span><\/p>\n<p><span style=\"color: #000000;\">\u201cEs un trabajo policial bastante fino. Lo que hace la Polic\u00eda Nacional es garantizar el orden p\u00fablico y, sobre todo, cuidar la seguridad de las personas, y en eso ha venido trabajando bien; pero ahora lo prioritario es el tema de la salud\u201d, recalc\u00f3.<\/span><\/p>\n<p><span style=\"color: #000000;\">Se\u00f1al\u00f3 que inteligencia policial utiliza todos los recursos para monitorear a las personas que podr\u00edan ser responsables de convocar a estas marchas. \u201cLa polic\u00eda est\u00e1 presente en todas las manifestaciones. Est\u00e1 actuando con mucha prudencia y evitando que quienes son simpatizantes de estas organizaciones se encuentren y agredan\u201d.<\/span><\/p>\n<p><span style=\"color: #000000;\">Por su parte, el comandante general de la PNP, general de Polic\u00eda C\u00e9sar Cervantes, precis\u00f3 que habr\u00e1 un seguimiento policial cercano y se emplear\u00e1n drones para monitorear el desplazamiento de manifestantes.<\/span><\/p>\n<p><span style=\"color: #000000;\">\u201cLa Polic\u00eda Nacional trabaja para conservar el orden y la integridad de la ciudad y de los ciudadanos. Estas marchas deben ser pac\u00edficas y la polic\u00eda actuar\u00e1 con firmeza en el uso racional de la fuerza para repeler manifestaciones que se puedan tornar violentas\u201d, recalc\u00f3.<\/span><\/p>\n<p><span style=\"color: #000000;\">Durante la presentaci\u00f3n de resultados de diversos operativos policiales, realizados en los \u00faltimos 10 d\u00edas en Lima, Cervantes subray\u00f3 hoy que, durante este tipo de movilizaciones, no se permitir\u00e1 el uso de instrumentos que podr\u00edan causar da\u00f1os personales.<\/span><\/p>\n<p><span style=\"color: #000000;\">Afirm\u00f3 que la instituci\u00f3n policial es respetuosa de las libertades y del derecho que tienen todos los ciudadanos de salir a marchar para manifestarse, siempre que sus movilizaciones no generen disturbios ni da\u00f1o a terceros o contra la propiedad p\u00fablica o privada.<\/span><\/p>\n<p><span style=\"color: #000000;\">En ese sentido, Cervantes exhort\u00f3 a los l\u00edderes de estas manifestaciones a colaborar para que estas movilizaciones se desarrollen dentro de un clima de paz y tranquilidad.<\/span><\/p>\n","protected":false},"excerpt":{"rendered":"<p>Se desplazan efectivos entrenados en control de multitudes Lima, 18 Junio 2021, (ANDINA).- M\u00e1s de 3,000 efectivos de la Polic\u00eda Nacional del Per\u00fa se mantienen en alerta para brindar seguridad durante las movilizaciones sociales con el fin de asegurar que se desarrollen de forma pac\u00edfica y sin interrumpir el proceso de vacunaci\u00f3n contra el covid-19. [&hellip;]<\/p>\n","protected":false},"author":1,"featured_media":100699,"comment_status":"closed","ping_status":"closed","sticky":false,"template":"","format":"standard","meta":{"rop_custom_images_group":[],"rop_custom_messages_group":[],"rop_publish_now":"initial","rop_publish_now_accounts":[],"rop_publish_now_history":[],"rop_publish_now_status":"pending","footnotes":""},"categories":[5],"tags":[6271,401,280],"class_list":["post-100698","post","type-post","status-publish","format-standard","has-post-thumbnail","hentry","category-actualidad-informativa","tag-jose-elice","tag-mininter","tag-ministerio-del-interior"],"_links":{"self":[{"href":"https:\/\/elinformanteperu.com\/index.php\/wp-json\/wp\/v2\/posts\/100698","targetHints":{"allow":["GET"]}}],"collection":[{"href":"https:\/\/elinformanteperu.com\/index.php\/wp-json\/wp\/v2\/posts"}],"about":[{"href":"https:\/\/elinformanteperu.com\/index.php\/wp-json\/wp\/v2\/types\/post"}],"author":[{"embeddable":true,"href":"https:\/\/elinformanteperu.com\/index.php\/wp-json\/wp\/v2\/users\/1"}],"replies":[{"embeddable":true,"href":"https:\/\/elinformanteperu.com\/index.php\/wp-json\/wp\/v2\/comments?post=100698"}],"version-history":[{"count":1,"href":"https:\/\/elinformanteperu.com\/index.php\/wp-json\/wp\/v2\/posts\/100698\/revisions"}],"predecessor-version":[{"id":100700,"href":"https:\/\/elinformanteperu.com\/index.php\/wp-json\/wp\/v2\/posts\/100698\/revisions\/100700"}],"wp:featuredmedia":[{"embeddable":true,"href":"https:\/\/elinformanteperu.com\/index.php\/wp-json\/wp\/v2\/media\/100699"}],"wp:attachment":[{"href":"https:\/\/elinformanteperu.com\/index.php\/wp-json\/wp\/v2\/media?parent=100698"}],"wp:term":[{"taxonomy":"category","embeddable":true,"href":"https:\/\/elinformanteperu.com\/index.php\/wp-json\/wp\/v2\/categories?post=100698"},{"taxonomy":"post_tag","embeddable":true,"href":"https:\/\/elinformanteperu.com\/index.php\/wp-json\/wp\/v2\/tags?post=100698"}],"curies":[{"name":"wp","href":"https:\/\/api.w.org\/{rel}","templated":true}]}}