{"id":100196,"date":"2021-06-13T17:11:32","date_gmt":"2021-06-13T22:11:32","guid":{"rendered":"https:\/\/elinformanteperu.com\/?p=100196"},"modified":"2021-06-13T18:59:10","modified_gmt":"2021-06-13T23:59:10","slug":"coronavirus-el-sabado-19-de-junio-se-iniciara-la-vacunacion-de-pacientes-con-cancer-y-vih","status":"publish","type":"post","link":"https:\/\/elinformanteperu.com\/index.php\/2021\/06\/13\/coronavirus-el-sabado-19-de-junio-se-iniciara-la-vacunacion-de-pacientes-con-cancer-y-vih\/","title":{"rendered":"Coronavirus: el s\u00e1bado 19 de junio se iniciar\u00e1 la vacunaci\u00f3n de pacientes con c\u00e1ncer y VIH"},"content":{"rendered":"<p><strong><span style=\"color: #000000;\">Ministro de Salud inform\u00f3 que el ritmo de vacunaci\u00f3n es de m\u00e1s 160,000 al d\u00eda a nivel nacional<\/span><\/strong><\/p>\n<p><span style=\"color: #000000;\"><strong>Lima, 13 Junio 2021, (ANDINA).-<\/strong> El pr\u00f3ximo s\u00e1bado 19 de junio se comenzar\u00e1 a vacunar contra el covid-19 a las personas que padecen de c\u00e1ncer y de VIH en Lima y Callao, anunci\u00f3 hoy el ministro de Salud, Oscar Ugarte.<\/span><\/p>\n<p><span style=\"color: #000000;\">\u201cEst\u00e1 ya culminado un padr\u00f3n con personas con enfermedades oncol\u00f3gicas, es decir con c\u00e1ncer, que van a empezar a ser vacunados a partir del pr\u00f3ximo s\u00e1bado (19 de junio). Y tambi\u00e9n a las personas con VIH, que son de riesgo\u201d, subray\u00f3.<\/span><\/p>\n<p><span style=\"color: #000000;\">Aclar\u00f3 que este grupo, por ser de alto riesgo, ser\u00eda vacunado en los hospitales donde reciben atenci\u00f3n a sus problemas de salud, porque eso facilitar\u00e1 una mejor identificaci\u00f3n de estas personas por parte del personal sanitario que los atiende.<\/span><\/p>\n<p><span style=\"color: #000000;\">En otro momento, Ugarte dijo que hasta el momento no se ha detectado otro caso de la variante india de la covid-19 en el Per\u00fa, aunque no descart\u00f3 la posibilidad de que se registren m\u00e1s acasos, aparte del reportado en Arequipa, en una persona mayor de 70 a\u00f1os.<\/span><\/p>\n<p><span style=\"color: #000000;\">Ugarte agreg\u00f3, adem\u00e1s, que est\u00e1 comprobado que las vacunas contra el covid-19 son efectivas contra la variante Delta proveniente de la India.<\/span><\/p>\n<p><span style=\"color: #000000;\">\u201cLas vacunas que vecinos usando son efectivas, sobre todos cuando se cubre con dos dosis, es decir cuando ya se tiene la cobertura completa, tiene mucho mayor efectividad frente a esta variante\u201d, enfatiz\u00f3 el titular del Minsa.<\/span><\/p>\n<p><span style=\"color: #000000;\">De otro lado, destac\u00f3 que el ritmo de vacunaci\u00f3n en el Per\u00fa se ha incrementado de manera importante, registr\u00e1ndose a la fecha m\u00e1s de 160,000 vacunaciones por d\u00eda.<\/span><\/p>\n<p><span style=\"color: #000000;\">\u201cPor ejemplo, el d\u00eda 8 (de junio) se ha vacunado a 180,000 personas a nivel nacional. El d\u00eda 9 se vacun\u00f3 a 160,000 (personas) y el 10 (de junio) otra vez a 180,000 personas. Es decir, estamos en un nivel de vacunaci\u00f3n bastante alto\u201d, manifest\u00f3.<\/span><\/p>\n<p><span style=\"color: #000000;\">En tal sentido, Ugarte se\u00f1al\u00f3 que a\u00fan no se ha desplegado toda la capacidad que tiene el sistema de salud peruano para la vacunaci\u00f3n, porque reci\u00e9n se est\u00e1 contratando nuevos equipos de profesionales a nivel nacional.<\/span><\/p>\n<p><span style=\"color: #000000;\">\u201cSe ha destinado 191 millones de soles para ese fin, y por lo tanto estamos en capacidad de amentar las vacunaciones. El presidente (Francisco) Sagasti dijo que una de nuestras metas en el campo de la vacunaci\u00f3n es llegar a julio vacunando a todos los mayores de 60 a\u00f1os, aparte de los miembros de las Polic\u00eda, Fuerzas Armadas, bomberos y personas con comorbilidades\u201d, anot\u00f3.<\/span><\/p>\n<p><span style=\"color: #000000;\">Tras informar que ayer s\u00e1bado 12 de junio se inici\u00f3 la vacunaci\u00f3n de las mujeres mayores de 18 a\u00f1os con 7 meses de gestaci\u00f3n, Ugarte recod\u00f3 que el Minsa ya est\u00e1 a personas con enfermedades hu\u00e9rfanas y raras.<\/span><\/p>\n<p><strong><span style=\"color: #000000;\">Mayores de 50 a\u00f1os<\/span><\/strong><\/p>\n<p><span style=\"color: #000000;\">En esa l\u00ednea, Ugarte confirm\u00f3 que en dos semanas se iniciar\u00e1 la vacunaci\u00f3n de los mayores de 50 a\u00f1os, comenzando con la franja de 58 y 59 a\u00f1os, para luego seguir en las pr\u00f3ximas semanas con las otras franjas de edades, de manera descendente, a fin de evitar una sobredemanda de vacunas y para atender a estas personas de una manera ordenada.<\/span><\/p>\n<p><span style=\"color: #000000;\">\u201cLa vacunaci\u00f3n a los adultos mayores de 60 a\u00f1os, que nosotros pens\u00e1bamos culminar en julio, vamos a culminar en las pr\u00f3ximas semanas. Por lo tanto, inmediatamente despu\u00e9s vamos a poder empezar con los menores de 60 a\u00f1os, es decir con la franja de 50 a\u00f1os\u201d, argument\u00f3.<\/span><\/p>\n","protected":false},"excerpt":{"rendered":"<p>Ministro de Salud inform\u00f3 que el ritmo de vacunaci\u00f3n es de m\u00e1s 160,000 al d\u00eda a nivel nacional Lima, 13 Junio 2021, (ANDINA).- El pr\u00f3ximo s\u00e1bado 19 de junio se comenzar\u00e1 a vacunar contra el covid-19 a las personas que padecen de c\u00e1ncer y de VIH en Lima y Callao, anunci\u00f3 hoy el ministro de [&hellip;]<\/p>\n","protected":false},"author":1,"featured_media":97543,"comment_status":"closed","ping_status":"closed","sticky":false,"template":"","format":"standard","meta":{"rop_custom_images_group":[],"rop_custom_messages_group":[],"rop_publish_now":"initial","rop_publish_now_accounts":[],"rop_publish_now_history":[],"rop_publish_now_status":"pending","footnotes":""},"categories":[10,5745],"tags":[388,431,5779],"class_list":["post-100196","post","type-post","status-publish","format-standard","has-post-thumbnail","hentry","category-actualidad-municipal","category-lo-ultimo","tag-ministerio-de-salud","tag-minsa","tag-oscar-ugarte"],"_links":{"self":[{"href":"https:\/\/elinformanteperu.com\/index.php\/wp-json\/wp\/v2\/posts\/100196","targetHints":{"allow":["GET"]}}],"collection":[{"href":"https:\/\/elinformanteperu.com\/index.php\/wp-json\/wp\/v2\/posts"}],"about":[{"href":"https:\/\/elinformanteperu.com\/index.php\/wp-json\/wp\/v2\/types\/post"}],"author":[{"embeddable":true,"href":"https:\/\/elinformanteperu.com\/index.php\/wp-json\/wp\/v2\/users\/1"}],"replies":[{"embeddable":true,"href":"https:\/\/elinformanteperu.com\/index.php\/wp-json\/wp\/v2\/comments?post=100196"}],"version-history":[{"count":1,"href":"https:\/\/elinformanteperu.com\/index.php\/wp-json\/wp\/v2\/posts\/100196\/revisions"}],"predecessor-version":[{"id":100197,"href":"https:\/\/elinformanteperu.com\/index.php\/wp-json\/wp\/v2\/posts\/100196\/revisions\/100197"}],"wp:featuredmedia":[{"embeddable":true,"href":"https:\/\/elinformanteperu.com\/index.php\/wp-json\/wp\/v2\/media\/97543"}],"wp:attachment":[{"href":"https:\/\/elinformanteperu.com\/index.php\/wp-json\/wp\/v2\/media?parent=100196"}],"wp:term":[{"taxonomy":"category","embeddable":true,"href":"https:\/\/elinformanteperu.com\/index.php\/wp-json\/wp\/v2\/categories?post=100196"},{"taxonomy":"post_tag","embeddable":true,"href":"https:\/\/elinformanteperu.com\/index.php\/wp-json\/wp\/v2\/tags?post=100196"}],"curies":[{"name":"wp","href":"https:\/\/api.w.org\/{rel}","templated":true}]}}