{"id":100194,"date":"2021-06-13T17:08:29","date_gmt":"2021-06-13T22:08:29","guid":{"rendered":"https:\/\/elinformanteperu.com\/?p=100194"},"modified":"2021-06-13T17:08:29","modified_gmt":"2021-06-13T22:08:29","slug":"tu-vision-se-ha-vuelto-borrosa-cuidado-podria-ser-cataratas","status":"publish","type":"post","link":"https:\/\/elinformanteperu.com\/index.php\/2021\/06\/13\/tu-vision-se-ha-vuelto-borrosa-cuidado-podria-ser-cataratas\/","title":{"rendered":"\u00bfTu visi\u00f3n se ha vuelto borrosa? Cuidado, podr\u00eda ser cataratas"},"content":{"rendered":"<p><strong><span style=\"color: #000000;\">Especialista te dice c\u00f3mo detectar este problema ocular que puede darse a partir de los 60 a\u00f1os<\/span><\/strong><\/p>\n<p><span style=\"color: #000000;\"><strong>Lima, 13 Junio 2021, (ANDINA).-<\/strong> \u00bfEn los \u00faltimos meses, su visi\u00f3n se ha vuelto borrosa, turbia o d\u00e9bil, las cosas que ve no son tan coloridas como antes? Si la respuesta es s\u00ed, es muy probable que usted haya desarrollado la patolog\u00eda ocular llamada cataratas en uno o ambos ojos.<\/span><\/p>\n<p><span style=\"color: #000000;\">As\u00ed lo advierte el director m\u00e9dico de Oftalmosalud, Luis Izquierdo Villavicencio, quien explico que el ojo tiene en su interior un lente natural que conocemos con el nombre de cristalino, que a medida que envejecemos pierde su transparencia y deja pasar menos luz, ocasionando que la imagen que pasa a la retina se torne difusa o dispersa, lo cual brinda una imagen borrosa.<\/span><\/p>\n<p><span style=\"color: #000000;\">\u00abA medida que una catarata comienza a desarrollarse, es posible que usted no note ning\u00fan cambio, pero a medida que la Catarata progresa, puede interferir con sus actividades diarias; es as\u00ed que, por medio de un examen ocular completo, su oftalm\u00f3logo puede decirle si las cataratas u otro problema son causa de su p\u00e9rdida visi\u00f3n\u00bb, refiere Izquierdo.<\/span><\/p>\n<p><span style=\"color: #000000;\">Por ejemplo, prosigui\u00f3, si la catarata se localiza en el borde externo del cristalino, la vista no sufre cambios, pero si la opacidad est\u00e1 situada cerca del centro del cristalino, generalmente interfiere con la visi\u00f3n.<\/span><\/p>\n<p><span style=\"color: #000000;\">Esta disminuci\u00f3n de la agudeza visual es uno de los s\u00edntomas m\u00e1s claros y t\u00edpicos en las personas que est\u00e1n desarrollando est\u00e1 patolog\u00eda.<\/span><\/p>\n<p><strong><span style=\"color: #000000;\">Procedimiento l\u00e1ser m\u00e1s avanzado<\/span><\/strong><\/p>\n<p><span style=\"color: #000000;\">Indic\u00f3 que la t\u00e9cnica conocida como procedimiento con Femtosegundo, aporta mayor seguridad y rapidez a la tradicional t\u00e9cnica para extraer la catarata.<\/span><\/p>\n<p><span style=\"color: #000000;\">\u201cDebido a que le facilita al cirujano realizar los tres pasos m\u00e1s delicados de este procedimiento como son la incisi\u00f3n, capsulorrexis (apertura circular de borde continuo, que se realiza en la c\u00e1psula anterior del cristalino, por donde se extrae la catarata y se introduce la lente intraocular) y fragmentaci\u00f3n del cristalino. Todo esto le otorga al paciente seguridad, precisi\u00f3n y exactitud en su procedimiento quir\u00fargico\u201d, subray\u00f3.<\/span><\/p>\n<p><span style=\"color: #000000;\">Con este procedimiento, agreg\u00f3, el profesional m\u00e9dico podr\u00e1 contar con un mayor grado de precisi\u00f3n y seguridad en la operaci\u00f3n, sin uso de bistur\u00ed y como una etapa de recuperaci\u00f3n m\u00e1s r\u00e1pida.<\/span><\/p>\n<p><span style=\"color: #000000;\">\u201cNo hay que olvidar que las cataratas m\u00e1s frecuentes son las que originan entre los 65 a 70 a\u00f1os; no obstante, hay personas que desarrollan este problema mucho antes, incluso a los 35 a\u00f1os o personas que no las sufran hasta los 80 a\u00f1os. Finalmente, este procedimiento no solo es el m\u00e1s seguro del mundo, sino que asegura que nunca m\u00e1s vuelva a aparecer la patolog\u00eda\u201d, anot\u00f3.<\/span><\/p>\n<p><span style=\"color: #000000;\">Los lentes intraoculares han avanzado mucho en los \u00faltimos a\u00f1os, solucionando la visi\u00f3n de cerca, intermedia y lejana, (Presbicia). La mayor\u00eda de pacientes recupera una visi\u00f3n que puede rondar el 20\/20.<\/span><\/p>\n","protected":false},"excerpt":{"rendered":"<p>Especialista te dice c\u00f3mo detectar este problema ocular que puede darse a partir de los 60 a\u00f1os Lima, 13 Junio 2021, (ANDINA).- \u00bfEn los \u00faltimos meses, su visi\u00f3n se ha vuelto borrosa, turbia o d\u00e9bil, las cosas que ve no son tan coloridas como antes? Si la respuesta es s\u00ed, es muy probable que usted [&hellip;]<\/p>\n","protected":false},"author":1,"featured_media":79827,"comment_status":"closed","ping_status":"closed","sticky":false,"template":"","format":"standard","meta":{"rop_custom_images_group":[],"rop_custom_messages_group":[],"rop_publish_now":"initial","rop_publish_now_accounts":[],"rop_publish_now_history":[],"rop_publish_now_status":"pending","footnotes":""},"categories":[10],"tags":[451],"class_list":["post-100194","post","type-post","status-publish","format-standard","has-post-thumbnail","hentry","category-actualidad-municipal","tag-essalud"],"_links":{"self":[{"href":"https:\/\/elinformanteperu.com\/index.php\/wp-json\/wp\/v2\/posts\/100194","targetHints":{"allow":["GET"]}}],"collection":[{"href":"https:\/\/elinformanteperu.com\/index.php\/wp-json\/wp\/v2\/posts"}],"about":[{"href":"https:\/\/elinformanteperu.com\/index.php\/wp-json\/wp\/v2\/types\/post"}],"author":[{"embeddable":true,"href":"https:\/\/elinformanteperu.com\/index.php\/wp-json\/wp\/v2\/users\/1"}],"replies":[{"embeddable":true,"href":"https:\/\/elinformanteperu.com\/index.php\/wp-json\/wp\/v2\/comments?post=100194"}],"version-history":[{"count":1,"href":"https:\/\/elinformanteperu.com\/index.php\/wp-json\/wp\/v2\/posts\/100194\/revisions"}],"predecessor-version":[{"id":100195,"href":"https:\/\/elinformanteperu.com\/index.php\/wp-json\/wp\/v2\/posts\/100194\/revisions\/100195"}],"wp:featuredmedia":[{"embeddable":true,"href":"https:\/\/elinformanteperu.com\/index.php\/wp-json\/wp\/v2\/media\/79827"}],"wp:attachment":[{"href":"https:\/\/elinformanteperu.com\/index.php\/wp-json\/wp\/v2\/media?parent=100194"}],"wp:term":[{"taxonomy":"category","embeddable":true,"href":"https:\/\/elinformanteperu.com\/index.php\/wp-json\/wp\/v2\/categories?post=100194"},{"taxonomy":"post_tag","embeddable":true,"href":"https:\/\/elinformanteperu.com\/index.php\/wp-json\/wp\/v2\/tags?post=100194"}],"curies":[{"name":"wp","href":"https:\/\/api.w.org\/{rel}","templated":true}]}}